{"id":666,"date":"2024-10-16T13:54:49","date_gmt":"2024-10-16T13:54:49","guid":{"rendered":"https:\/\/bangpremier.com.br\/index.php\/2024\/06\/20\/maya-massafera-se-manifesta-sobre-cirurgia-de-feminizacao-da-voz-nao-deu-certo\/"},"modified":"2024-10-16T13:54:49","modified_gmt":"2024-10-16T13:54:49","slug":"maya-massafera-se-manifesta-sobre-cirurgia-de-feminizacao-da-voz-nao-deu-certo","status":"publish","type":"post","link":"https:\/\/bangpremier.com.br\/index.php\/2024\/10\/16\/maya-massafera-se-manifesta-sobre-cirurgia-de-feminizacao-da-voz-nao-deu-certo\/","title":{"rendered":"Maya Massafera se manifesta sobre cirurgia de feminiza\u00e7\u00e3o da voz: &#039;N\u00e3o deu certo&#039;"},"content":{"rendered":"<p><b>2024-06-20 10:36:44<\/b><br \/>\n<BR>Maya Massafera, 43, usou as redes sociais para interagir com seus seguidores e responder a perguntas relacionadas ao &#8220;sil\u00eancio&#8221; que adotou desde que passou por uma\u00a0cirurgia de redesigna\u00e7\u00e3o sexual.<BR><br \/>\nA influencer, que se tornou alvo de memes na web por se comunicar apenas por gestos, como cora\u00e7\u00f5es com as m\u00e3os e sinais de beijos, abordou pela primeira vez o resultado de sua cirurgia de transi\u00e7\u00e3o vocal, a qual ela admitiu ter sido\u00a0malsucedida.\u00a0<BR><br \/>\n&#8220;Quero come\u00e7ar falando que estou \u00f3tima e feliz da vida! Sobre a voz, realmente n\u00e3o deu certo, mas gra\u00e7as a Deus, s\u00f3 essa cirurgia entre todas que eu fiz deu B.O. Ent\u00e3o estou no lucro&#8221;, comentou a apresentadora em seus stories no Instagram.<BR><br \/>\n&#8220;Tive que esperar 3 meses pra refazer com toda a cautela necess\u00e1ria! Os 3 meses v\u00e3o finalizar agora e eu j\u00e1 estou com cirurgia marcada aqui em SP, e t\u00e1 tudo \u00f3timo! Minha voz muitas vezes n\u00e3o sai nada. Sabe quando voc\u00ea est\u00e1 muito rouca, que \u00e0s vezes sai e \u00e0s vezes n\u00e3o sai? \u00c9 tipo isso. Ent\u00e3o eu decidi esperar e falar no meu tempo. Cada um tem seu tempo.&#8221;<BR><br \/>\nQuando questionada sobre o seu desejo de retomar a comunica\u00e7\u00e3o verbal, ela respondeu:\u00a0&#8220;\u00d3bvio que quero! Mas, como eu disse pra voc\u00eas, tenho que fazer no meu tempo e no tempo certo. E s\u00f3 pra deixar claro, o que eu fizer \u00e9 de cora\u00e7\u00e3o! Porque eu n\u00e3o sou pol\u00edtica pra me cobrarem nada! Mas eu ficando forte, meu amor, vai ser com prazer e alegria que vou fazer o poss\u00edvel pra minha bandeira.&#8221;<BR><br \/>\nA estrela afirmou que a conversa sobre sua voz ser\u00e1 mais aprofundada no futuro.\u00a0&#8220;Mas isso vai ser um papo mais pra frente. Ainda temos uns tr\u00eas novos meses pra eu falar e t\u00e1 tudo \u00f3timo. Eu t\u00f4 feliz e focando no que me faz feliz. E assim que come\u00e7ar a falar, voc\u00eas v\u00e3o ouvir tudo que querem e que \u00e9 necess\u00e1rio. Quando isso acontecer, eu vou estar 100% e pronta pra tudo.&#8221;<BR><br \/>\nO sil\u00eancio de Maya repercutiu na imprensa ap\u00f3s a tentativa de venda de um \u00e1udio gravado sem a autoriza\u00e7\u00e3o da comunicadora, que revelava sua voz.<BR><br \/>\nA criadora de conte\u00fado confirmou sua transi\u00e7\u00e3o de g\u00eanero em maio deste ano,\u00a0atrav\u00e9s de uma postagem no Instagram. Na ocasi\u00e3o, a youtuber anunciou seu novo nome e recebeu apoio de famosos e an\u00f4nimos.\u00a0<br \/>\n<br \/><a href=\"https:\/\/bangpremier.com\/\" target=\"_blank\" rel=\"noopener\"> Visit Bang Premier (main website) <\/a><br \/>\n<br \/><script src=\"https:\/\/geo.dailymotion.com\/player\/xtbae.js\" data-video=\"\"><\/script><\/p>\n","protected":false},"excerpt":{"rendered":"<p>2024-06-20 10:36:44 Maya Massafera, 43, usou as redes sociais para interagir com seus seguidores e responder a perguntas relacionadas ao &#8220;sil\u00eancio&#8221; que adotou desde que passou por uma\u00a0cirurgia de redesigna\u00e7\u00e3o&hellip;<\/p>\n","protected":false},"author":1,"featured_media":667,"comment_status":"closed","ping_status":"open","sticky":false,"template":"","format":"standard","meta":{"footnotes":""},"categories":[1],"tags":[],"class_list":["post-666","post","type-post","status-publish","format-standard","has-post-thumbnail","hentry","category-showbiz"],"_links":{"self":[{"href":"https:\/\/bangpremier.com.br\/index.php\/wp-json\/wp\/v2\/posts\/666","targetHints":{"allow":["GET"]}}],"collection":[{"href":"https:\/\/bangpremier.com.br\/index.php\/wp-json\/wp\/v2\/posts"}],"about":[{"href":"https:\/\/bangpremier.com.br\/index.php\/wp-json\/wp\/v2\/types\/post"}],"author":[{"embeddable":true,"href":"https:\/\/bangpremier.com.br\/index.php\/wp-json\/wp\/v2\/users\/1"}],"replies":[{"embeddable":true,"href":"https:\/\/bangpremier.com.br\/index.php\/wp-json\/wp\/v2\/comments?post=666"}],"version-history":[{"count":1,"href":"https:\/\/bangpremier.com.br\/index.php\/wp-json\/wp\/v2\/posts\/666\/revisions"}],"predecessor-version":[{"id":668,"href":"https:\/\/bangpremier.com.br\/index.php\/wp-json\/wp\/v2\/posts\/666\/revisions\/668"}],"wp:featuredmedia":[{"embeddable":true,"href":"https:\/\/bangpremier.com.br\/index.php\/wp-json\/wp\/v2\/media\/667"}],"wp:attachment":[{"href":"https:\/\/bangpremier.com.br\/index.php\/wp-json\/wp\/v2\/media?parent=666"}],"wp:term":[{"taxonomy":"category","embeddable":true,"href":"https:\/\/bangpremier.com.br\/index.php\/wp-json\/wp\/v2\/categories?post=666"},{"taxonomy":"post_tag","embeddable":true,"href":"https:\/\/bangpremier.com.br\/index.php\/wp-json\/wp\/v2\/tags?post=666"}],"curies":[{"name":"wp","href":"https:\/\/api.w.org\/{rel}","templated":true}]}}