{"id":638,"date":"2024-10-16T13:54:44","date_gmt":"2024-10-16T13:54:44","guid":{"rendered":"https:\/\/bangpremier.com.br\/index.php\/2024\/06\/18\/celine-dion-faz-discurso-emocionante-durante-estreia-de-documentario-amor-e-apoio\/"},"modified":"2024-10-16T13:54:44","modified_gmt":"2024-10-16T13:54:44","slug":"celine-dion-faz-discurso-emocionante-durante-estreia-de-documentario-amor-e-apoio","status":"publish","type":"post","link":"https:\/\/bangpremier.com.br\/index.php\/2024\/10\/16\/celine-dion-faz-discurso-emocionante-durante-estreia-de-documentario-amor-e-apoio\/","title":{"rendered":"C\u00e9line Dion faz discurso emocionante durante estreia de document\u00e1rio: \u2018Amor e apoio\u2019"},"content":{"rendered":"<p><b>2024-06-18 10:45:29<\/b><br \/>\n<BR>C\u00e9line Dion, 56, n\u00e3o conseguiu conter a emo\u00e7\u00e3o em seu aguardado retorno ao tapete vermelho durante a estreia de seu document\u00e1rio em parceria com a Amazon Prime Video, &#8216;I Am: C\u00e9line Dion&#8217;.<BR><br \/>\n<BR><br \/>\nA cantora, que se afastou dos palcos ap\u00f3s ser diagnosticada com a S\u00edndrome da Pessoa R\u00edgida, uma rara condi\u00e7\u00e3o neurol\u00f3gica, participou do evento na noite de segunda-feira (17), em Nova York, ao lado dos filhos, Ren\u00e9-Charles, 23, e os g\u00eameos Nelson e Eddy, 13.<BR><br \/>\n<BR><br \/>\nEm um discurso carregado de emo\u00e7\u00e3o, a estrela fez um agradecimento especial \u00e0 fam\u00edlia enquanto se dirigia ao palco da cerim\u00f4nia. <BR><br \/>\n<BR><br \/>\n&#8220;Claro, eu n\u00e3o estaria aqui sem o amor e apoio di\u00e1rio dos meus maravilhosos filhos. Obrigada, Ren\u00e9-Charles. Obrigada, Nelson. Obrigada, Eddy. Muito obrigada&#8221;, come\u00e7ou ela. <BR><br \/>\n<BR><br \/>\nAl\u00e9m de agradecer \u00e0 sua m\u00e9dica Dra. Amanda Piquet e \u00e0 cineasta do document\u00e1rio, Irene Taylor Brodsky, a artista compartilhou palavras calorosas para seus f\u00e3s leais.<BR><br \/>\n<BR><br \/>\n&#8220;E gra\u00e7as a voc\u00eas, meus f\u00e3s, sua presen\u00e7a na minha jornada tem sido um presente valioso. Seu amor e apoio inabal\u00e1veis para todas as quest\u00f5es me trouxeram a este momento&#8221;, afirmou. <BR><br \/>\n<BR><br \/>\nRevelando mais sobre sua condi\u00e7\u00e3o, a int\u00e9rprete de &#8220;My Heart Will Go On&#8221; fez uma analogia poderosa, comparando-se a &#8220;uma ma\u00e7\u00e3 de uma \u00e1rvore&#8221;. <BR><br \/>\n<BR><br \/>\n&#8220;Uma das hist\u00f3rias que voc\u00eas ouvir\u00e3o de mim neste filme enquanto eu lia e aprendia sobre minha condi\u00e7\u00e3o. Eu me comparei \u2013 e n\u00e3o estou dizendo isso porque estamos em Nova York \u2013 mas me comparei a uma ma\u00e7\u00e3. Oh, parece que inventamos isso, mas eu fiz isso, e eu estava em Las Vegas\u2019\u2019, relatou.<BR><br \/>\n<BR><br \/>\n&#8220;Quando eu disse a mim mesma que me comparei a uma ma\u00e7\u00e3 de uma \u00e1rvore, [eu disse], &#8216;Eu n\u00e3o quero que voc\u00eas [f\u00e3s] fiquem mais na fila se eu n\u00e3o tiver mais ma\u00e7\u00e3s brilhantes para voc\u00eas.&#8217; Ent\u00e3o, h\u00e1 alguns dias, vi uma mensagem de um f\u00e3 e dizia, &#8216;N\u00e3o estamos aqui pela ma\u00e7\u00e3. Estamos aqui pela verdade\u2019\u201d, acrescentou. <BR><br \/>\n<BR><br \/>\nC\u00e9line enxugou uma l\u00e1grima dos olhos enquanto refletia sobre a import\u00e2ncia das amizades em sua vida. <BR><br \/>\n<BR><br \/>\n&#8220;Eu n\u00e3o posso acreditar na sorte que tenho de ter meus amigos na minha vida&#8221;, celebrou.<BR><br \/>\n<BR><br \/>\n&#8220;Obrigada a todos voc\u00eas do fundo do meu cora\u00e7\u00e3o por fazerem parte da minha jornada. Este longa \u00e9 minha carta de amor para cada um de voc\u00eas. Espero ver todos voc\u00eas novamente muito em breve&#8221;, acrescentou, sendo aplaudida de p\u00e9 pela plateia presente.<br \/>\n<br \/><a href=\"https:\/\/bangpremier.com\/\" target=\"_blank\" rel=\"noopener\"> Visit Bang Premier (main website) <\/a><br \/>\n<br \/><script src=\"https:\/\/geo.dailymotion.com\/player\/xtbae.js\" data-video=\"\"><\/script><\/p>\n","protected":false},"excerpt":{"rendered":"<p>2024-06-18 10:45:29 C\u00e9line Dion, 56, n\u00e3o conseguiu conter a emo\u00e7\u00e3o em seu aguardado retorno ao tapete vermelho durante a estreia de seu document\u00e1rio em parceria com a Amazon Prime Video,&hellip;<\/p>\n","protected":false},"author":1,"featured_media":639,"comment_status":"closed","ping_status":"open","sticky":false,"template":"","format":"standard","meta":{"footnotes":""},"categories":[1],"tags":[],"class_list":["post-638","post","type-post","status-publish","format-standard","has-post-thumbnail","hentry","category-showbiz"],"_links":{"self":[{"href":"https:\/\/bangpremier.com.br\/index.php\/wp-json\/wp\/v2\/posts\/638","targetHints":{"allow":["GET"]}}],"collection":[{"href":"https:\/\/bangpremier.com.br\/index.php\/wp-json\/wp\/v2\/posts"}],"about":[{"href":"https:\/\/bangpremier.com.br\/index.php\/wp-json\/wp\/v2\/types\/post"}],"author":[{"embeddable":true,"href":"https:\/\/bangpremier.com.br\/index.php\/wp-json\/wp\/v2\/users\/1"}],"replies":[{"embeddable":true,"href":"https:\/\/bangpremier.com.br\/index.php\/wp-json\/wp\/v2\/comments?post=638"}],"version-history":[{"count":1,"href":"https:\/\/bangpremier.com.br\/index.php\/wp-json\/wp\/v2\/posts\/638\/revisions"}],"predecessor-version":[{"id":640,"href":"https:\/\/bangpremier.com.br\/index.php\/wp-json\/wp\/v2\/posts\/638\/revisions\/640"}],"wp:featuredmedia":[{"embeddable":true,"href":"https:\/\/bangpremier.com.br\/index.php\/wp-json\/wp\/v2\/media\/639"}],"wp:attachment":[{"href":"https:\/\/bangpremier.com.br\/index.php\/wp-json\/wp\/v2\/media?parent=638"}],"wp:term":[{"taxonomy":"category","embeddable":true,"href":"https:\/\/bangpremier.com.br\/index.php\/wp-json\/wp\/v2\/categories?post=638"},{"taxonomy":"post_tag","embeddable":true,"href":"https:\/\/bangpremier.com.br\/index.php\/wp-json\/wp\/v2\/tags?post=638"}],"curies":[{"name":"wp","href":"https:\/\/api.w.org\/{rel}","templated":true}]}}