{"id":5402,"date":"2026-09-04T11:18:48","date_gmt":"2026-09-04T11:18:48","guid":{"rendered":"https:\/\/bangpremier.com.br\/index.php\/2026\/09\/04\/principe-harry-fara-salto-de-paraquedas-em-homenagem-a-ex-combatente-de-102-anos\/"},"modified":"2026-09-04T11:18:50","modified_gmt":"2026-09-04T11:18:50","slug":"principe-harry-fara-salto-de-paraquedas-em-homenagem-a-ex-combatente-de-102-anos","status":"publish","type":"post","link":"https:\/\/bangpremier.com.br\/index.php\/2026\/09\/04\/principe-harry-fara-salto-de-paraquedas-em-homenagem-a-ex-combatente-de-102-anos\/","title":{"rendered":"Pr\u00edncipe Harry far\u00e1 salto de paraquedas em homenagem a ex-combatente de 102 anos"},"content":{"rendered":"<p><b><\/b><br \/>\n<BR>O pr\u00edncipe Harry, 41, ir\u00e1 saltar de paraquedas como parte de uma campanha para arrecadar recursos destinados a institui\u00e7\u00f5es canadenses de apoio a militares e veteranos de guerra.<BR><br \/>\nA iniciativa radical homenageia Ed Marshall, 102, her\u00f3i da Segunda Guerra Mundial e ex-paraquedista que ganhou manchetes ao saltar de paraquedas para celebrar seu cent\u00e9simo anivers\u00e1rio e arrecadar fundos para a Sunnybrook Foundation. O filho mais novo do rei Charles III conheceu o ex-militar durante uma visita ao Canad\u00e1, no ano passado, e os dois firmaram o compromisso de organizar um salto juntos.<BR><br \/>\nEm comunicado, a funda\u00e7\u00e3o escreveu: &#8220;Quando o pr\u00edncipe Harry, duque de Sussex, conheceu Ed Marshall, veterano da Segunda Guerra Mundial, de 102 anos, no ano passado, os dois rapidamente criaram um v\u00ednculo por compartilharem a experi\u00eancia do servi\u00e7o militar e o compromisso de continuar servindo \u00e0s suas comunidades.&#8221;<BR><br \/>\n&#8220;Ed treinou como paraquedista durante a Segunda Guerra Mundial, enquanto o duque serviu por dez anos no Ex\u00e9rcito brit\u00e2nico, com duas miss\u00f5es no Afeganist\u00e3o, atuando como controlador a\u00e9reo t\u00e1tico e piloto de helic\u00f3ptero Apache.&#8221;<BR><br \/>\n&#8220;Ed impressionou o pr\u00edncipe Harry ao relembrar, com orgulho, o salto beneficente que realizou para comemorar seu cent\u00e9simo anivers\u00e1rio. A ideia floresceu e juntos eles planejaram um novo salto.&#8221;<BR><br \/>\nEntretanto, a organiza\u00e7\u00e3o explicou que o plano original precisou de um ajuste depois que exames apontaram que a condi\u00e7\u00e3o card\u00edaca do centen\u00e1rio desaconselhava um novo salto. Com isso, Bailey Marshall, neto de Ed, participar\u00e1 da a\u00e7\u00e3o para dar continuidade ao legado do av\u00f4.<BR><br \/>\nToda a arrecada\u00e7\u00e3o ser\u00e1 destinada \u00e0 Sunnybrook e \u00e0 True Patriot Love Foundation, organiza\u00e7\u00f5es que oferecem assist\u00eancia a militares e veteranos canadenses.<BR><br \/>\nA data exata e local do salto ainda n\u00e3o foram divulgados.<BR><br \/>\nA participa\u00e7\u00e3o no evento ser\u00e1 uma das primeiras apari\u00e7\u00f5es p\u00fablicas do pr\u00edncipe desde que retornou ao Reino Unido com a esposa, Meghan Markle, 45, e os filhos do casal, Archie, 7, e Lilibet, 5.<BR><br \/>\nO duque e a duquesa deixaram as fun\u00e7\u00f5es oficiais na realeza brit\u00e2nica em 2020 e se mudaram para a Calif\u00f3rnia, nos Estados Unidos. Agora, eles decidiram voltar \u00e0 Inglaterra para proporcionar aos filhos uma conviv\u00eancia mais pr\u00f3xima com a fam\u00edlia real, principalmente com o rei Charles III, que, desde 2024, est\u00e1 em tratamento contra um tipo de c\u00e2ncer n\u00e3o divulgado.<BR><br \/>\nA mudan\u00e7a, por\u00e9m, n\u00e3o representa um retorno \u00e0s fun\u00e7\u00f5es oficiais da monarquia.<br \/>\n<br \/><a href=\"https:\/\/bangpremier.com\/\" target=\"_blank\"> Visit Bang Premier (main website) <\/a><br \/>\n<br \/><script src=\"https:\/\/geo.dailymotion.com\/player\/xgs2h.js\" data-video=\"\"><\/script><\/p>\n","protected":false},"excerpt":{"rendered":"<p>O pr\u00edncipe Harry, 41, ir\u00e1 saltar de paraquedas como parte de uma campanha para arrecadar recursos destinados a institui\u00e7\u00f5es canadenses de apoio a militares e veteranos de guerra. A iniciativa&hellip;<\/p>\n","protected":false},"author":1,"featured_media":4876,"comment_status":"closed","ping_status":"open","sticky":false,"template":"","format":"standard","meta":{"footnotes":""},"categories":[1],"tags":[],"class_list":["post-5402","post","type-post","status-publish","format-standard","has-post-thumbnail","hentry","category-showbiz"],"_links":{"self":[{"href":"https:\/\/bangpremier.com.br\/index.php\/wp-json\/wp\/v2\/posts\/5402","targetHints":{"allow":["GET"]}}],"collection":[{"href":"https:\/\/bangpremier.com.br\/index.php\/wp-json\/wp\/v2\/posts"}],"about":[{"href":"https:\/\/bangpremier.com.br\/index.php\/wp-json\/wp\/v2\/types\/post"}],"author":[{"embeddable":true,"href":"https:\/\/bangpremier.com.br\/index.php\/wp-json\/wp\/v2\/users\/1"}],"replies":[{"embeddable":true,"href":"https:\/\/bangpremier.com.br\/index.php\/wp-json\/wp\/v2\/comments?post=5402"}],"version-history":[{"count":1,"href":"https:\/\/bangpremier.com.br\/index.php\/wp-json\/wp\/v2\/posts\/5402\/revisions"}],"predecessor-version":[{"id":5403,"href":"https:\/\/bangpremier.com.br\/index.php\/wp-json\/wp\/v2\/posts\/5402\/revisions\/5403"}],"wp:featuredmedia":[{"embeddable":true,"href":"https:\/\/bangpremier.com.br\/index.php\/wp-json\/wp\/v2\/media\/4876"}],"wp:attachment":[{"href":"https:\/\/bangpremier.com.br\/index.php\/wp-json\/wp\/v2\/media?parent=5402"}],"wp:term":[{"taxonomy":"category","embeddable":true,"href":"https:\/\/bangpremier.com.br\/index.php\/wp-json\/wp\/v2\/categories?post=5402"},{"taxonomy":"post_tag","embeddable":true,"href":"https:\/\/bangpremier.com.br\/index.php\/wp-json\/wp\/v2\/tags?post=5402"}],"curies":[{"name":"wp","href":"https:\/\/api.w.org\/{rel}","templated":true}]}}