{"id":5393,"date":"2026-09-04T09:01:59","date_gmt":"2026-09-04T09:01:59","guid":{"rendered":"https:\/\/bangpremier.com.br\/index.php\/2026\/09\/04\/atriz-e-ativista-jane-fonda-diz-nao-ter-medo-de-trump-ele-nao-pode-fazer-nada-comigo\/"},"modified":"2026-09-04T09:02:01","modified_gmt":"2026-09-04T09:02:01","slug":"atriz-e-ativista-jane-fonda-diz-nao-ter-medo-de-trump-ele-nao-pode-fazer-nada-comigo","status":"publish","type":"post","link":"https:\/\/bangpremier.com.br\/index.php\/2026\/09\/04\/atriz-e-ativista-jane-fonda-diz-nao-ter-medo-de-trump-ele-nao-pode-fazer-nada-comigo\/","title":{"rendered":"Atriz e ativista, Jane Fonda diz n\u00e3o ter medo de Trump: &#039;Ele n\u00e3o pode fazer nada comigo&#039;"},"content":{"rendered":"<p><b><\/b><br \/>\n<BR>A atriz e ativista Jane Fonda, 88, afirmou que n\u00e3o tem medo do presidente dos Estados Unidos, Donald Trump, 80, e disse acreditar que ele &#8220;n\u00e3o pode fazer nada&#8221; contra ela.<BR><br \/>\nVencedora de dois Oscars e engajada h\u00e1 d\u00e9cadas em causas pol\u00edticas e sociais, Jane voltou a incentivar norte-americanos a integrarem o Committee for the First Amendment (Comit\u00ea pela Primeira Emenda, em tradu\u00e7\u00e3o livre), movimento suprapartid\u00e1rio que ela relan\u00e7ou em 2025 para defender a liberdade de express\u00e3o e as institui\u00e7\u00f5es democr\u00e1ticas. A organiza\u00e7\u00e3o foi criada originalmente em 1947 para enfrentar o macarthismo, per\u00edodo marcado por persegui\u00e7\u00f5es pol\u00edticas a supostos simpatizantes do comunismo nos Estados Unidos.<BR><br \/>\nEm entrevista \u00e0 revista Variety, a atriz foi questionada se ficou mais dif\u00edcil se posicionar publicamente desde a ascens\u00e3o pol\u00edtica de Trump.<BR><br \/>\n&#8220;Para mim, n\u00e3o. J\u00e1 vivi a minha vida. Ele n\u00e3o pode fazer nada comigo. N\u00e3o tenho medo. Mas isso n\u00e3o \u00e9 a realidade para todo mundo, e eu entendo. \u00c9 por isso que incentivo as pessoas a se juntarem ao movimento&#8221;, come\u00e7ou ela.<BR><br \/>\nA veterana de Hollywood continuou: &#8220;Recriei o Comit\u00ea pela Primeira Emenda no dia 1\u00ba de outubro do ano passado. Ele existiu nas d\u00e9cadas de 1940 e 1950 como uma forma de enfrentar o macarthismo e a ca\u00e7a \u00e0s bruxas. Meu pai fazia parte. Hoje temos milhares de integrantes e estamos construindo uma comunidade.&#8221;<BR><br \/>\nO pai da artista, Henry Fonda (1905-1982), um dos maiores nomes da Era de Ouro de Hollywood, integrou o movimento em seus primeiros anos.<BR><br \/>\nJane tamb\u00e9m afirmou enxergar uma mudan\u00e7a no cen\u00e1rio pol\u00edtico dos EUA e disse que at\u00e9 eleitores ligados ao movimento de Trump t\u00eam demonstrado insatisfa\u00e7\u00e3o com as decis\u00f5es do governo republicano.<BR><br \/>\n&#8220;Cada vez mais pessoas est\u00e3o se manifestando. Vou dizer por qu\u00ea. A vida delas est\u00e1 em risco neste momento. A intelig\u00eancia artificial pode tirar seus empregos. Al\u00e9m disso, centros de dados est\u00e3o sendo instalados em suas comunidades e provocando impactos ambientais. H\u00e1 uma mudan\u00e7a em curso nos Estados Unidos. Republicanos e democratas est\u00e3o lado a lado dizendo: &#8216;N\u00e3o, voc\u00eas n\u00e3o v\u00e3o instalar um centro de dados na minha comunidade. N\u00e3o, n\u00e3o v\u00e3o construir uma unidade de deten\u00e7\u00e3o aqui&#8217;. At\u00e9 integrantes do movimento MAGA [sigla para Make America Great Again] n\u00e3o gostam de ver seus l\u00edderes lucrando com o sofrimento e a crueldade. Eles n\u00e3o gostam do caos que est\u00e1 acontecendo. N\u00e3o gostam da forma como os imigrantes est\u00e3o sendo tratados&#8221;, pontuou.<br \/>\n<br \/><a href=\"https:\/\/bangpremier.com\/\" target=\"_blank\"> Visit Bang Premier (main website) <\/a><br \/>\n<br \/><script src=\"https:\/\/geo.dailymotion.com\/player\/xgs2h.js\" data-video=\"\"><\/script><\/p>\n","protected":false},"excerpt":{"rendered":"<p>A atriz e ativista Jane Fonda, 88, afirmou que n\u00e3o tem medo do presidente dos Estados Unidos, Donald Trump, 80, e disse acreditar que ele &#8220;n\u00e3o pode fazer nada&#8221; contra&hellip;<\/p>\n","protected":false},"author":1,"featured_media":5394,"comment_status":"closed","ping_status":"open","sticky":false,"template":"","format":"standard","meta":{"footnotes":""},"categories":[1],"tags":[],"class_list":["post-5393","post","type-post","status-publish","format-standard","has-post-thumbnail","hentry","category-showbiz"],"_links":{"self":[{"href":"https:\/\/bangpremier.com.br\/index.php\/wp-json\/wp\/v2\/posts\/5393","targetHints":{"allow":["GET"]}}],"collection":[{"href":"https:\/\/bangpremier.com.br\/index.php\/wp-json\/wp\/v2\/posts"}],"about":[{"href":"https:\/\/bangpremier.com.br\/index.php\/wp-json\/wp\/v2\/types\/post"}],"author":[{"embeddable":true,"href":"https:\/\/bangpremier.com.br\/index.php\/wp-json\/wp\/v2\/users\/1"}],"replies":[{"embeddable":true,"href":"https:\/\/bangpremier.com.br\/index.php\/wp-json\/wp\/v2\/comments?post=5393"}],"version-history":[{"count":1,"href":"https:\/\/bangpremier.com.br\/index.php\/wp-json\/wp\/v2\/posts\/5393\/revisions"}],"predecessor-version":[{"id":5395,"href":"https:\/\/bangpremier.com.br\/index.php\/wp-json\/wp\/v2\/posts\/5393\/revisions\/5395"}],"wp:featuredmedia":[{"embeddable":true,"href":"https:\/\/bangpremier.com.br\/index.php\/wp-json\/wp\/v2\/media\/5394"}],"wp:attachment":[{"href":"https:\/\/bangpremier.com.br\/index.php\/wp-json\/wp\/v2\/media?parent=5393"}],"wp:term":[{"taxonomy":"category","embeddable":true,"href":"https:\/\/bangpremier.com.br\/index.php\/wp-json\/wp\/v2\/categories?post=5393"},{"taxonomy":"post_tag","embeddable":true,"href":"https:\/\/bangpremier.com.br\/index.php\/wp-json\/wp\/v2\/tags?post=5393"}],"curies":[{"name":"wp","href":"https:\/\/api.w.org\/{rel}","templated":true}]}}