{"id":5379,"date":"2026-09-03T09:22:28","date_gmt":"2026-09-03T09:22:28","guid":{"rendered":"https:\/\/bangpremier.com.br\/index.php\/2026\/09\/03\/trump-opina-sobre-retorno-de-harry-e-meghan-ao-reino-unido-nao-os-teria-aceitado-de-volta\/"},"modified":"2026-09-03T09:22:30","modified_gmt":"2026-09-03T09:22:30","slug":"trump-opina-sobre-retorno-de-harry-e-meghan-ao-reino-unido-nao-os-teria-aceitado-de-volta","status":"publish","type":"post","link":"https:\/\/bangpremier.com.br\/index.php\/2026\/09\/03\/trump-opina-sobre-retorno-de-harry-e-meghan-ao-reino-unido-nao-os-teria-aceitado-de-volta\/","title":{"rendered":"Trump \u200bopina sobre retorno de Harry e Meghan ao Reino Unido: &#039;N\u00e3o os teria aceitado de volta&#039;"},"content":{"rendered":"<p><b><\/b><br \/>\n<BR>O presidente dos Estados Unidos, Donald Trump, 80, afirmou que o pr\u00edncipe Harry, 41, e Meghan Markle, 45, trataram a fam\u00edlia real brit\u00e2nica &#8220;com grande desrespeito&#8221; e disse que, se fosse integrante da realeza, n\u00e3o os teria aceitado de volta ao Reino Unido.<BR><br \/>\nO casal retornou ao pa\u00eds na semana passada, seis anos ap\u00f3s renunciar \u00e0s fun\u00e7\u00f5es como membros da realeza e se mudar para a Calif\u00f3rnia.\u00a0Pais de Archie, 7, e Lilibet, 5, Harry e Meghan teriam decidido retornar ao pa\u00eds com o objetivo de fortalecer a conviv\u00eancia dos filhos com a fam\u00edlia, principalmente com o rei Charles III, 77, que est\u00e1 em tratamento contra um tipo de c\u00e2ncer n\u00e3o divulgado desde 2024.<BR><br \/>\nQuestionado sobre a mudan\u00e7a durante uma coletiva de imprensa na quarta-feira (2), o presidente norte-americano\u00a0alfinetou o casal e destacou a boa rela\u00e7\u00e3o que mant\u00e9m com a fam\u00edlia real.<BR><br \/>\n&#8220;Nunca fui f\u00e3 [do casal]. Eu tinha um relacionamento muito bom com a rainha [Elizabeth II], realmente bom. Tive a oportunidade de conhec\u00ea-la muito bem. Tamb\u00e9m tenho uma rela\u00e7\u00e3o \u00f3tima com o rei Charles. Eu o conheci h\u00e1 bastante tempo, quando ele ainda era pr\u00edncipe Charles.&#8221;<BR><br \/>\nAo elogiar o monarca, a quem chamou de &#8220;um grande homem&#8221;, o republicano voltou a criticar Harry e Meghan. Ap\u00f3s deixarem a fam\u00edlia real, o duque e a duquesa deram entrevistas, lan\u00e7aram um document\u00e1rio sobre a pr\u00f3pria hist\u00f3ria e fizeram acusa\u00e7\u00f5es contra integrantes da monarquia. Harry tamb\u00e9m abordou os desentendimentos familiares na autobiografia &#8220;O que sobra&#8221; (2023).<BR><br \/>\n&#8220;Acho que eles trataram a fam\u00edlia real com grande desrespeito. N\u00e3o gostei. Se eu fosse a fam\u00edlia real, n\u00e3o os teria aceitado de volta&#8221;, declarou Trump.<BR><br \/>\nHarry e Meghan ainda n\u00e3o falaram publicamente sobre os planos para esta nova fase. De acordo com a imprensa brit\u00e2nica, eles pretendem permanecer no Reino Unido por um per\u00edodo prolongado.<BR><br \/>\nUma das principais d\u00favidas envolve a seguran\u00e7a do casal. Ainda n\u00e3o est\u00e1 definido se a prote\u00e7\u00e3o oficial ser\u00e1 custeada pelo governo brit\u00e2nico ou se Harry e Meghan ter\u00e3o de arcar com as despesas, assunto que j\u00e1 motivou disputas desde que deixaram as fun\u00e7\u00f5es na fam\u00edlia real.<br \/>\n<br \/><a href=\"https:\/\/bangpremier.com\/\" target=\"_blank\"> Visit Bang Premier (main website) <\/a><br \/>\n<br \/><script src=\"https:\/\/geo.dailymotion.com\/player\/xgs2h.js\" data-video=\"\"><\/script><\/p>\n","protected":false},"excerpt":{"rendered":"<p>O presidente dos Estados Unidos, Donald Trump, 80, afirmou que o pr\u00edncipe Harry, 41, e Meghan Markle, 45, trataram a fam\u00edlia real brit\u00e2nica &#8220;com grande desrespeito&#8221; e disse que, se&hellip;<\/p>\n","protected":false},"author":1,"featured_media":2163,"comment_status":"closed","ping_status":"open","sticky":false,"template":"","format":"standard","meta":{"footnotes":""},"categories":[1],"tags":[],"class_list":["post-5379","post","type-post","status-publish","format-standard","has-post-thumbnail","hentry","category-showbiz"],"_links":{"self":[{"href":"https:\/\/bangpremier.com.br\/index.php\/wp-json\/wp\/v2\/posts\/5379","targetHints":{"allow":["GET"]}}],"collection":[{"href":"https:\/\/bangpremier.com.br\/index.php\/wp-json\/wp\/v2\/posts"}],"about":[{"href":"https:\/\/bangpremier.com.br\/index.php\/wp-json\/wp\/v2\/types\/post"}],"author":[{"embeddable":true,"href":"https:\/\/bangpremier.com.br\/index.php\/wp-json\/wp\/v2\/users\/1"}],"replies":[{"embeddable":true,"href":"https:\/\/bangpremier.com.br\/index.php\/wp-json\/wp\/v2\/comments?post=5379"}],"version-history":[{"count":1,"href":"https:\/\/bangpremier.com.br\/index.php\/wp-json\/wp\/v2\/posts\/5379\/revisions"}],"predecessor-version":[{"id":5380,"href":"https:\/\/bangpremier.com.br\/index.php\/wp-json\/wp\/v2\/posts\/5379\/revisions\/5380"}],"wp:featuredmedia":[{"embeddable":true,"href":"https:\/\/bangpremier.com.br\/index.php\/wp-json\/wp\/v2\/media\/2163"}],"wp:attachment":[{"href":"https:\/\/bangpremier.com.br\/index.php\/wp-json\/wp\/v2\/media?parent=5379"}],"wp:term":[{"taxonomy":"category","embeddable":true,"href":"https:\/\/bangpremier.com.br\/index.php\/wp-json\/wp\/v2\/categories?post=5379"},{"taxonomy":"post_tag","embeddable":true,"href":"https:\/\/bangpremier.com.br\/index.php\/wp-json\/wp\/v2\/tags?post=5379"}],"curies":[{"name":"wp","href":"https:\/\/api.w.org\/{rel}","templated":true}]}}