{"id":5357,"date":"2026-09-01T10:39:33","date_gmt":"2026-09-01T10:39:33","guid":{"rendered":"https:\/\/bangpremier.com.br\/index.php\/2026\/09\/01\/kylie-jenner-revela-qual-e-sua-irma-favorita\/"},"modified":"2026-09-01T10:39:35","modified_gmt":"2026-09-01T10:39:35","slug":"kylie-jenner-revela-qual-e-sua-irma-favorita","status":"publish","type":"post","link":"https:\/\/bangpremier.com.br\/index.php\/2026\/09\/01\/kylie-jenner-revela-qual-e-sua-irma-favorita\/","title":{"rendered":"Kylie Jenner revela qual \u00e9 sua irm\u00e3 favorita"},"content":{"rendered":"<p><b><\/b><br \/>\n<BR>Kylie Jenner, 29, revelou quem \u00e9 sua irm\u00e3 favorita, e a escolha n\u00e3o recaiu sobre uma das Kardashians.<BR><br \/>\nA estrela de reality shows e empres\u00e1ria participou de uma sess\u00e3o de perguntas e respostas comandada pelos seus filhos, Stormi, 8, e Aire, 4, frutos do relacionamento com seu ex-companheiro Travis Scott.<BR><br \/>\nEntre as perguntas feitas pelas crian\u00e7as, estava a curiosidade sobre qual seria a irm\u00e3 preferida de sua m\u00e3e.<BR><br \/>\nFilha de Kris e Caitlyn Jenner, Kylie \u00e9 a ca\u00e7ula do cl\u00e3 Kardashian-Jenner, que conta com suas irm\u00e3s Kendall Jenner, Kim, Khlo\u00e9 e Kourtney Kardashian.<BR><br \/>\nAo responder \u00e0s crian\u00e7as, a estrela disse que n\u00e3o gosta de \u201cescolher favoritos\u201d, mas revelou: \u201cA favorita do dia seria a Kendall.\u201d <BR><br \/>\nEm outro momento da entrevista, publicada no canal de Kylie no YouTube, Stormi perguntou o que a m\u00e3e mais gosta em cada um dos filhos.<BR><br \/>\nKylie respondeu: \u201cMinha coisa favorita em voc\u00ea \u00e9 o quanto voc\u00ea \u00e9 amig\u00e1vel. Acho que voc\u00ea faz amigos com muita facilidade.\u201d<BR><br \/>\n\u201cQuando eu vou te deixar na escola, parece que todas as meninas v\u00eam correndo e dizem: \u2018Stormi chegou!\u2019\u201d<BR><br \/>\n\u201cVoc\u00ea faz amigos em qualquer lugar, n\u00e3o importa a idade deles ou quem sejam. Eu gostaria de ter sido assim quando tinha a sua idade.\u201d<BR><br \/>\nAo falar sobre Aire, Kylie disse que uma das caracter\u00edsticas que mais gosta no filho \u00e9 seu senso de humor.<BR><br \/>\n\u201cEle \u00e9 muito engra\u00e7ado\u201d, acrescentou.<BR><br \/>\nA empres\u00e1ria encerrou a entrevista elogiando a filha pela desenvoltura durante a conversa.<BR><br \/>\n\u201cStormi pensou em todas essas perguntas sozinha e est\u00e1 t\u00e3o grande e perfeita. Eu te amo. Obrigada por fazer isso comigo. [Voc\u00ea \u00e9] minha melhor amiga.\u201d<BR><br \/>\nAire, por sua vez, apareceu bocejando durante a grava\u00e7\u00e3o, o que rendeu uma brincadeira da m\u00e3e: \u201cBom, perdemos o Aire, mas isso encerra [o v\u00eddeo] dos meus filhos, basicamente Stormi, me entrevistando.\u201d<br \/>\n<br \/><a href=\"https:\/\/bangpremier.com\/\" target=\"_blank\"> Visit Bang Premier (main website) <\/a><br \/>\n<br \/><script src=\"https:\/\/geo.dailymotion.com\/player\/xgs2h.js\" data-video=\"\"><\/script><\/p>\n","protected":false},"excerpt":{"rendered":"<p>Kylie Jenner, 29, revelou quem \u00e9 sua irm\u00e3 favorita, e a escolha n\u00e3o recaiu sobre uma das Kardashians. A estrela de reality shows e empres\u00e1ria participou de uma sess\u00e3o de&hellip;<\/p>\n","protected":false},"author":1,"featured_media":5358,"comment_status":"closed","ping_status":"open","sticky":false,"template":"","format":"standard","meta":{"footnotes":""},"categories":[1],"tags":[],"class_list":["post-5357","post","type-post","status-publish","format-standard","has-post-thumbnail","hentry","category-showbiz"],"_links":{"self":[{"href":"https:\/\/bangpremier.com.br\/index.php\/wp-json\/wp\/v2\/posts\/5357","targetHints":{"allow":["GET"]}}],"collection":[{"href":"https:\/\/bangpremier.com.br\/index.php\/wp-json\/wp\/v2\/posts"}],"about":[{"href":"https:\/\/bangpremier.com.br\/index.php\/wp-json\/wp\/v2\/types\/post"}],"author":[{"embeddable":true,"href":"https:\/\/bangpremier.com.br\/index.php\/wp-json\/wp\/v2\/users\/1"}],"replies":[{"embeddable":true,"href":"https:\/\/bangpremier.com.br\/index.php\/wp-json\/wp\/v2\/comments?post=5357"}],"version-history":[{"count":1,"href":"https:\/\/bangpremier.com.br\/index.php\/wp-json\/wp\/v2\/posts\/5357\/revisions"}],"predecessor-version":[{"id":5359,"href":"https:\/\/bangpremier.com.br\/index.php\/wp-json\/wp\/v2\/posts\/5357\/revisions\/5359"}],"wp:featuredmedia":[{"embeddable":true,"href":"https:\/\/bangpremier.com.br\/index.php\/wp-json\/wp\/v2\/media\/5358"}],"wp:attachment":[{"href":"https:\/\/bangpremier.com.br\/index.php\/wp-json\/wp\/v2\/media?parent=5357"}],"wp:term":[{"taxonomy":"category","embeddable":true,"href":"https:\/\/bangpremier.com.br\/index.php\/wp-json\/wp\/v2\/categories?post=5357"},{"taxonomy":"post_tag","embeddable":true,"href":"https:\/\/bangpremier.com.br\/index.php\/wp-json\/wp\/v2\/tags?post=5357"}],"curies":[{"name":"wp","href":"https:\/\/api.w.org\/{rel}","templated":true}]}}