{"id":4161,"date":"2026-04-30T14:51:04","date_gmt":"2026-04-30T14:51:04","guid":{"rendered":"https:\/\/bangpremier.com.br\/index.php\/2026\/04\/30\/familia-de-zayn-malik-faz-apelo-apos-internacao-do-cantor\/"},"modified":"2026-04-30T14:51:05","modified_gmt":"2026-04-30T14:51:05","slug":"familia-de-zayn-malik-faz-apelo-apos-internacao-do-cantor","status":"publish","type":"post","link":"https:\/\/bangpremier.com.br\/index.php\/2026\/04\/30\/familia-de-zayn-malik-faz-apelo-apos-internacao-do-cantor\/","title":{"rendered":"Fam\u00edlia de Zayn Malik faz apelo ap\u00f3s interna\u00e7\u00e3o do cantor"},"content":{"rendered":"<p><b><\/b><br \/>\n<BR>A fam\u00edlia do cantor brit\u00e2nico Zayn Malik, 33, fez um apelo p\u00fablico aos f\u00e3s ap\u00f3s a recente interna\u00e7\u00e3o do artista por um problema de sa\u00fade n\u00e3o detalhado. O ex-integrante do One Direction compartilhou na semana passada uma imagem em uma cama de hospital e cancelou compromissos de divulga\u00e7\u00e3o de seu novo \u00e1lbum, &#8220;Konnakol&#8221;.<BR><br \/>\nDesde ent\u00e3o, admiradores passaram a enviar buqu\u00eas de flores, o que levou a fam\u00edlia a fazer um pedido.<BR><br \/>\nPor meio dos Stories do Instagram, a prima do astro, Sasha Malik, agradeceu as manifesta\u00e7\u00f5es de apoio, mas relatou dificuldades log\u00edsticas.<BR><br \/>\n&#8220;Somos muito gratos a todos que entraram em contato para enviar flores! Logisticamente, isso simplesmente n\u00e3o \u00e9 poss\u00edvel, mas valorizamos muito todos voc\u00eas. Se quiserem fazer algo em nome de Zayn, por favor fa\u00e7am doa\u00e7\u00f5es para o The Palestine Project&#8221;, disse ela, citando a organiza\u00e7\u00e3o que arrecada fundos para iniciativas humanit\u00e1rias voltadas \u00e0 popula\u00e7\u00e3o palestina.<BR><br \/>\nA mensagem foi refor\u00e7ada pela floricultura The Hidden Bouquet, que informou n\u00e3o conseguir atender \u00e0 demanda gerada pelos f\u00e3s do cantor.<BR><br \/>\n&#8220;Devido ao alto volume de pedidos para Zayn Malik e sua fam\u00edlia, infelizmente n\u00e3o podemos aceitar novos pedidos no momento. Agradecemos de cora\u00e7\u00e3o todo o carinho demonstrado. Caso ainda desejem fazer um gesto significativo, a fam\u00edlia Malik ficaria grata por doa\u00e7\u00f5es ao The Palestine Project. Voc\u00eas podem doar o valor que gastariam em um buqu\u00ea e deixar uma mensagem de apoio. A arrecada\u00e7\u00e3o ser\u00e1 acompanhada pela fam\u00edlia, e suas palavras e contribui\u00e7\u00f5es far\u00e3o diferen\u00e7a.&#8221;<BR><br \/>\nAt\u00e9 o momento, n\u00e3o foram divulgados detalhes sobre o estado de sa\u00fade do cantor.<BR><br \/>\nNa \u00faltima semana, o m\u00fasico compartilhou uma foto no leito do hospital, junto a um texto se desculpando pelos compromissos que precisou cancelar.<BR><br \/>\n&#8220;Aos meus f\u00e3s, obrigado a todos voc\u00eas pelo amor e apoio, agora e sempre. Foi uma semana longa e ainda estou me recuperando de forma surpreendente. De cora\u00e7\u00e3o partido por n\u00e3o poder v\u00ea-los esta semana; eu n\u00e3o estaria no lugar em que estou hoje sem voc\u00eas e sou muito grato pela compreens\u00e3o de voc\u00eas&#8221;, escreveu ele na ocasi\u00e3o.<br \/>\n<br \/><a href=\"https:\/\/bangpremier.com\/\" target=\"_blank\"> Visit Bang Premier (main website) <\/a><br \/>\n<br \/><script src=\"https:\/\/geo.dailymotion.com\/player\/xgs2h.js\" data-video=\"\"><\/script><\/p>\n","protected":false},"excerpt":{"rendered":"<p>A fam\u00edlia do cantor brit\u00e2nico Zayn Malik, 33, fez um apelo p\u00fablico aos f\u00e3s ap\u00f3s a recente interna\u00e7\u00e3o do artista por um problema de sa\u00fade n\u00e3o detalhado. O ex-integrante do&hellip;<\/p>\n","protected":false},"author":1,"featured_media":3490,"comment_status":"closed","ping_status":"open","sticky":false,"template":"","format":"standard","meta":{"footnotes":""},"categories":[1],"tags":[],"class_list":["post-4161","post","type-post","status-publish","format-standard","has-post-thumbnail","hentry","category-showbiz"],"_links":{"self":[{"href":"https:\/\/bangpremier.com.br\/index.php\/wp-json\/wp\/v2\/posts\/4161","targetHints":{"allow":["GET"]}}],"collection":[{"href":"https:\/\/bangpremier.com.br\/index.php\/wp-json\/wp\/v2\/posts"}],"about":[{"href":"https:\/\/bangpremier.com.br\/index.php\/wp-json\/wp\/v2\/types\/post"}],"author":[{"embeddable":true,"href":"https:\/\/bangpremier.com.br\/index.php\/wp-json\/wp\/v2\/users\/1"}],"replies":[{"embeddable":true,"href":"https:\/\/bangpremier.com.br\/index.php\/wp-json\/wp\/v2\/comments?post=4161"}],"version-history":[{"count":1,"href":"https:\/\/bangpremier.com.br\/index.php\/wp-json\/wp\/v2\/posts\/4161\/revisions"}],"predecessor-version":[{"id":4162,"href":"https:\/\/bangpremier.com.br\/index.php\/wp-json\/wp\/v2\/posts\/4161\/revisions\/4162"}],"wp:featuredmedia":[{"embeddable":true,"href":"https:\/\/bangpremier.com.br\/index.php\/wp-json\/wp\/v2\/media\/3490"}],"wp:attachment":[{"href":"https:\/\/bangpremier.com.br\/index.php\/wp-json\/wp\/v2\/media?parent=4161"}],"wp:term":[{"taxonomy":"category","embeddable":true,"href":"https:\/\/bangpremier.com.br\/index.php\/wp-json\/wp\/v2\/categories?post=4161"},{"taxonomy":"post_tag","embeddable":true,"href":"https:\/\/bangpremier.com.br\/index.php\/wp-json\/wp\/v2\/tags?post=4161"}],"curies":[{"name":"wp","href":"https:\/\/api.w.org\/{rel}","templated":true}]}}