{"id":4130,"date":"2026-04-28T14:13:42","date_gmt":"2026-04-28T14:13:42","guid":{"rendered":"https:\/\/bangpremier.com.br\/index.php\/2026\/04\/28\/anne-hathaway-esclarece-pedido-por-menos-modelos-esqueleticas-em-o-diabo-veste-prada-2\/"},"modified":"2026-04-28T14:13:44","modified_gmt":"2026-04-28T14:13:44","slug":"anne-hathaway-esclarece-pedido-por-menos-modelos-esqueleticas-em-o-diabo-veste-prada-2","status":"publish","type":"post","link":"https:\/\/bangpremier.com.br\/index.php\/2026\/04\/28\/anne-hathaway-esclarece-pedido-por-menos-modelos-esqueleticas-em-o-diabo-veste-prada-2\/","title":{"rendered":"Anne Hathaway esclarece pedido por menos modelos &#039;esquel\u00e9ticas&#039; em &#039;O Diabo Veste Prada 2&#039;"},"content":{"rendered":"<p><b><\/b><br \/>\n<BR>A atriz Anne Hathaway, 43, negou que modelos tenham sido demitidos de &#8220;O Diabo Veste Prada 2&#8221; ap\u00f3s ela sugerir uma escolha mais inclusiva de elenco. A estrela, que reprisa o papel de Andrea Sachs (Andy) na aguardada sequ\u00eancia do filme, explicou que houve uma interpreta\u00e7\u00e3o equivocada sobre o epis\u00f3dio.<BR><br \/>\nDurante participa\u00e7\u00e3o no programa Good Morning America, Anne afirmou que a situa\u00e7\u00e3o ganhou propor\u00e7\u00f5es maiores do que realmente teve.<BR><br \/>\n&#8220;Foi algo r\u00e1pido que aconteceu no set e agora virou uma hist\u00f3ria muito maior. Na verdade, eu quero comentar uma informa\u00e7\u00e3o incorreta que est\u00e1 circulando, de que pessoas foram demitidas por causa da representatividade, e isso simplesmente n\u00e3o aconteceu. Ningu\u00e9m perdeu o emprego; na verdade, isso gerou mais oportunidades de trabalho. Foi apenas sobre garantir que diferentes tipos de corpos pudessem se ver em um certo momento da trama&#8230;&#8221;, afirmou ela.<BR><br \/>\nA atriz, que retorna ao filme ao lado de Meryl Streep, Emily Blunt e Stanley Tucci, falou sobre a cena do filme que re\u00fane diferentes perfis de modelos. &#8220;H\u00e1 uma m\u00fasica que Lady Gaga escreveu, \u00e9 uma\u00a0can\u00e7\u00e3o linda e incr\u00edvel. N\u00e3o \u00e9 melhor quando voc\u00ea v\u00ea v\u00e1rios tipos diferentes de corpos ali [quando ela canta]?&#8221;, acrescentou.<BR><br \/>\nAnne j\u00e1 havia abordado o assunto durante entrevista ao Etalk, na premi\u00e8re de &#8220;O Diabo Veste Prada 2&#8221;, em Nova York, no in\u00edcio do m\u00eas.<BR><br \/>\nNa ocasi\u00e3o, a artista relatou que a mudan\u00e7a partiu de uma conversa aberta com a equipe de produ\u00e7\u00e3o. &#8220;Tamb\u00e9m sabemos que, nos \u00faltimos anos, a ind\u00fastria da moda pode adotar uma abordagem mais inclusiva em rela\u00e7\u00e3o aos padr\u00f5es de beleza, e acho que todos ficamos mais felizes quando \u00e9 assim, quando todo mundo se sente inclu\u00eddo. Eu simplesmente fui at\u00e9 os produtores e disse: &#8216;Ei, voc\u00eas acham que poder\u00edamos tentar?&#8217; E eles olharam e disseram: &#8216;Estamos t\u00e3o envergonhados de n\u00e3o termos percebido&#8230; claro&#8217;. E, em duas horas, de repente havia mais garotas l\u00e1. Isso me deixou feliz.&#8221;<BR><br \/>\nA not\u00edcia ganhou destaque depois que Meryl Streep relatou \u00e0 Harper\u2019s Bazaar que Anne fez um pedido direto aos produtores por menos modelos &#8220;esquel\u00e9ticas&#8221; no longa.<BR><br \/>\n&#8220;Ela foi direto falar com os produtores sobre isso, garantindo que as modelos no desfile que est\u00e1vamos organizando para o nosso filme n\u00e3o seriam t\u00e3o esquel\u00e9ticas! Ela \u00e9 uma mulher incr\u00edvel&#8221;, disse a veterana.&#8221;O Diabo Veste Prada 2&#8243; estreia nos cinemas brasileiros nesta quinta-feira (30).<br \/>\n<br \/><a href=\"https:\/\/bangpremier.com\/\" target=\"_blank\"> Visit Bang Premier (main website) <\/a><br \/>\n<br \/><script src=\"https:\/\/geo.dailymotion.com\/player\/xgs2h.js\" data-video=\"\"><\/script><\/p>\n","protected":false},"excerpt":{"rendered":"<p>A atriz Anne Hathaway, 43, negou que modelos tenham sido demitidos de &#8220;O Diabo Veste Prada 2&#8221; ap\u00f3s ela sugerir uma escolha mais inclusiva de elenco. A estrela, que reprisa&hellip;<\/p>\n","protected":false},"author":1,"featured_media":4099,"comment_status":"closed","ping_status":"open","sticky":false,"template":"","format":"standard","meta":{"footnotes":""},"categories":[1],"tags":[],"class_list":["post-4130","post","type-post","status-publish","format-standard","has-post-thumbnail","hentry","category-showbiz"],"_links":{"self":[{"href":"https:\/\/bangpremier.com.br\/index.php\/wp-json\/wp\/v2\/posts\/4130","targetHints":{"allow":["GET"]}}],"collection":[{"href":"https:\/\/bangpremier.com.br\/index.php\/wp-json\/wp\/v2\/posts"}],"about":[{"href":"https:\/\/bangpremier.com.br\/index.php\/wp-json\/wp\/v2\/types\/post"}],"author":[{"embeddable":true,"href":"https:\/\/bangpremier.com.br\/index.php\/wp-json\/wp\/v2\/users\/1"}],"replies":[{"embeddable":true,"href":"https:\/\/bangpremier.com.br\/index.php\/wp-json\/wp\/v2\/comments?post=4130"}],"version-history":[{"count":1,"href":"https:\/\/bangpremier.com.br\/index.php\/wp-json\/wp\/v2\/posts\/4130\/revisions"}],"predecessor-version":[{"id":4131,"href":"https:\/\/bangpremier.com.br\/index.php\/wp-json\/wp\/v2\/posts\/4130\/revisions\/4131"}],"wp:featuredmedia":[{"embeddable":true,"href":"https:\/\/bangpremier.com.br\/index.php\/wp-json\/wp\/v2\/media\/4099"}],"wp:attachment":[{"href":"https:\/\/bangpremier.com.br\/index.php\/wp-json\/wp\/v2\/media?parent=4130"}],"wp:term":[{"taxonomy":"category","embeddable":true,"href":"https:\/\/bangpremier.com.br\/index.php\/wp-json\/wp\/v2\/categories?post=4130"},{"taxonomy":"post_tag","embeddable":true,"href":"https:\/\/bangpremier.com.br\/index.php\/wp-json\/wp\/v2\/tags?post=4130"}],"curies":[{"name":"wp","href":"https:\/\/api.w.org\/{rel}","templated":true}]}}