{"id":4125,"date":"2026-04-28T11:27:17","date_gmt":"2026-04-28T11:27:17","guid":{"rendered":"https:\/\/bangpremier.com.br\/index.php\/2026\/04\/28\/a-vida-e-um-recomeco-todos-os-dias-diz-ivete-sangalo-a-seguidores\/"},"modified":"2026-04-28T11:27:19","modified_gmt":"2026-04-28T11:27:19","slug":"a-vida-e-um-recomeco-todos-os-dias-diz-ivete-sangalo-a-seguidores","status":"publish","type":"post","link":"https:\/\/bangpremier.com.br\/index.php\/2026\/04\/28\/a-vida-e-um-recomeco-todos-os-dias-diz-ivete-sangalo-a-seguidores\/","title":{"rendered":"&#039;A vida \u00e9 um recome\u00e7o todos os dias&#039;, diz Ivete Sangalo a seguidores"},"content":{"rendered":"<p><b><\/b><br \/>\n<BR>A cantora Ivete Sangalo, 53, compartilhou uma reflex\u00e3o sobre recome\u00e7os durante uma intera\u00e7\u00e3o com seus seguidores nas redes sociais. <BR><br \/>\nEm novembro do ano passado, a artista anunciou o t\u00e9rmino de seu casamento de 18 anos com Daniel Cady, com quem tem os filhos Marcelo, 16, e as g\u00eameas Helena e Marina, de oito anos. Agora, a estrela abriu o jogo sobre a import\u00e2ncia de seguir em frente diante dos desafios.<BR><br \/>\n&#8220;Todos n\u00f3s precisamos recome\u00e7ar todos os dias. A gente n\u00e3o finaliza tudo, a vida \u00e9 um recome\u00e7o todos os dias. A gente acorda com novos desafios, temos que ter mais esperan\u00e7a e ter f\u00e9&#8221;, come\u00e7ou ela.<BR><br \/>\nIvete, que est\u00e1 aproveitando uma viagem em fam\u00edlia a Boston, nos Estados Unidos, disse acreditar que o importante \u00e9 n\u00e3o ficar &#8220;estagnado&#8221;.<BR><br \/>\n&#8220;Acho que quando a gente vai recome\u00e7ar, a f\u00e9 e a for\u00e7a \u00e9 o que mobiliza a gente. O que a gente n\u00e3o pode \u00e9 estagnar. Gra\u00e7as a Deus, nascemos com talento suficiente para n\u00e3o estagnar, n\u00e9, meu amor? Que voc\u00ea recomece com toda for\u00e7a&#8221;, declarou a cantora.<br \/>\n<br \/><a href=\"https:\/\/bangpremier.com\/\" target=\"_blank\"> Visit Bang Premier (main website) <\/a><br \/>\n<br \/><script src=\"https:\/\/geo.dailymotion.com\/player\/xgs2h.js\" data-video=\"\"><\/script><\/p>\n","protected":false},"excerpt":{"rendered":"<p>A cantora Ivete Sangalo, 53, compartilhou uma reflex\u00e3o sobre recome\u00e7os durante uma intera\u00e7\u00e3o com seus seguidores nas redes sociais. Em novembro do ano passado, a artista anunciou o t\u00e9rmino de&hellip;<\/p>\n","protected":false},"author":1,"featured_media":4126,"comment_status":"closed","ping_status":"open","sticky":false,"template":"","format":"standard","meta":{"footnotes":""},"categories":[1],"tags":[],"class_list":["post-4125","post","type-post","status-publish","format-standard","has-post-thumbnail","hentry","category-showbiz"],"_links":{"self":[{"href":"https:\/\/bangpremier.com.br\/index.php\/wp-json\/wp\/v2\/posts\/4125","targetHints":{"allow":["GET"]}}],"collection":[{"href":"https:\/\/bangpremier.com.br\/index.php\/wp-json\/wp\/v2\/posts"}],"about":[{"href":"https:\/\/bangpremier.com.br\/index.php\/wp-json\/wp\/v2\/types\/post"}],"author":[{"embeddable":true,"href":"https:\/\/bangpremier.com.br\/index.php\/wp-json\/wp\/v2\/users\/1"}],"replies":[{"embeddable":true,"href":"https:\/\/bangpremier.com.br\/index.php\/wp-json\/wp\/v2\/comments?post=4125"}],"version-history":[{"count":1,"href":"https:\/\/bangpremier.com.br\/index.php\/wp-json\/wp\/v2\/posts\/4125\/revisions"}],"predecessor-version":[{"id":4127,"href":"https:\/\/bangpremier.com.br\/index.php\/wp-json\/wp\/v2\/posts\/4125\/revisions\/4127"}],"wp:featuredmedia":[{"embeddable":true,"href":"https:\/\/bangpremier.com.br\/index.php\/wp-json\/wp\/v2\/media\/4126"}],"wp:attachment":[{"href":"https:\/\/bangpremier.com.br\/index.php\/wp-json\/wp\/v2\/media?parent=4125"}],"wp:term":[{"taxonomy":"category","embeddable":true,"href":"https:\/\/bangpremier.com.br\/index.php\/wp-json\/wp\/v2\/categories?post=4125"},{"taxonomy":"post_tag","embeddable":true,"href":"https:\/\/bangpremier.com.br\/index.php\/wp-json\/wp\/v2\/tags?post=4125"}],"curies":[{"name":"wp","href":"https:\/\/api.w.org\/{rel}","templated":true}]}}