{"id":4120,"date":"2026-04-28T10:53:25","date_gmt":"2026-04-28T10:53:25","guid":{"rendered":"https:\/\/bangpremier.com.br\/index.php\/2026\/04\/28\/taylor-swift-solicita-registro-de-voz-e-imagem-para-se-proteger-de-ia\/"},"modified":"2026-04-28T10:53:26","modified_gmt":"2026-04-28T10:53:26","slug":"taylor-swift-solicita-registro-de-voz-e-imagem-para-se-proteger-de-ia","status":"publish","type":"post","link":"https:\/\/bangpremier.com.br\/index.php\/2026\/04\/28\/taylor-swift-solicita-registro-de-voz-e-imagem-para-se-proteger-de-ia\/","title":{"rendered":"Taylor Swift solicita registro de voz e imagem para se proteger de IA"},"content":{"rendered":"<p><b><\/b><br \/>\n<BR>A cantora Taylor Swift, 36, entrou com pedidos de registro de marca para sua voz e imagem, em um movimento que sinaliza preocupa\u00e7\u00e3o quanto ao uso indevido da intelig\u00eancia artificial.<BR><br \/>\nDe acordo com informa\u00e7\u00f5es da revista Variety, a artista norte-americana protocolou tr\u00eas solicita\u00e7\u00f5es nos Estados Unidos. Uma delas diz respeito a uma marca visual baseada em uma imagem da cantora durante a turn\u00ea &#8220;The Eras Tour&#8221;, na qual ela aparece &#8220;segurando um viol\u00e3o rosa, com uma al\u00e7a preta e vestindo um macac\u00e3o iridescente multicolorido com botas prateadas&#8221;.<BR><br \/>\nAs outras duas consistem em grava\u00e7\u00f5es de \u00e1udio nas quais a vencedora do Grammy se apresenta ao p\u00fablico, dizendo: &#8220;Hey, it\u2019s Taylor Swift&#8221; e &#8220;Hey, it\u2019s Taylor&#8221;.<BR><br \/>\nOs pedidos foram feitos no \u00faltimo dia 24 pela empresa TAS Rights Management, respons\u00e1vel pela gest\u00e3o dos direitos autorais da estrela pop.<BR><br \/>\nA medida reflete uma preocupa\u00e7\u00e3o crescente entre os famosos quanto ao uso indevido da intelig\u00eancia artificial, que pode levar celebridades a perder o controle sobre sua imagem e sua voz. Nos \u00faltimos anos, vers\u00f5es de Taylor geradas por IA circularam em diferentes contextos, desde imagens expl\u00edcitas at\u00e9 um an\u00fancio pol\u00edtico falso em que ela aparentava incentivar eleitores a votar em Donald Trump.<BR><br \/>\nTaylor segue uma estrat\u00e9gia j\u00e1 adotada por outras figuras p\u00fablicas. O ator Matthew McConaughey, 56, por exemplo, obteve no ano passado oito registros de marca junto ao Escrit\u00f3rio de Patentes e Marcas dos Estados Unidos, incluindo os direitos da frase &#8220;Alright, alright, alright&#8221; , originalmente dita no filme &#8220;Jovens, Loucos e Rebeldes&#8221;, de 1993.<br \/>\n<br \/><a href=\"https:\/\/bangpremier.com\/\" target=\"_blank\"> Visit Bang Premier (main website) <\/a><br \/>\n<br \/><script src=\"https:\/\/geo.dailymotion.com\/player\/xgs2h.js\" data-video=\"\"><\/script><\/p>\n","protected":false},"excerpt":{"rendered":"<p>A cantora Taylor Swift, 36, entrou com pedidos de registro de marca para sua voz e imagem, em um movimento que sinaliza preocupa\u00e7\u00e3o quanto ao uso indevido da intelig\u00eancia artificial.&hellip;<\/p>\n","protected":false},"author":1,"featured_media":3874,"comment_status":"closed","ping_status":"open","sticky":false,"template":"","format":"standard","meta":{"footnotes":""},"categories":[1],"tags":[],"class_list":["post-4120","post","type-post","status-publish","format-standard","has-post-thumbnail","hentry","category-showbiz"],"_links":{"self":[{"href":"https:\/\/bangpremier.com.br\/index.php\/wp-json\/wp\/v2\/posts\/4120","targetHints":{"allow":["GET"]}}],"collection":[{"href":"https:\/\/bangpremier.com.br\/index.php\/wp-json\/wp\/v2\/posts"}],"about":[{"href":"https:\/\/bangpremier.com.br\/index.php\/wp-json\/wp\/v2\/types\/post"}],"author":[{"embeddable":true,"href":"https:\/\/bangpremier.com.br\/index.php\/wp-json\/wp\/v2\/users\/1"}],"replies":[{"embeddable":true,"href":"https:\/\/bangpremier.com.br\/index.php\/wp-json\/wp\/v2\/comments?post=4120"}],"version-history":[{"count":1,"href":"https:\/\/bangpremier.com.br\/index.php\/wp-json\/wp\/v2\/posts\/4120\/revisions"}],"predecessor-version":[{"id":4121,"href":"https:\/\/bangpremier.com.br\/index.php\/wp-json\/wp\/v2\/posts\/4120\/revisions\/4121"}],"wp:featuredmedia":[{"embeddable":true,"href":"https:\/\/bangpremier.com.br\/index.php\/wp-json\/wp\/v2\/media\/3874"}],"wp:attachment":[{"href":"https:\/\/bangpremier.com.br\/index.php\/wp-json\/wp\/v2\/media?parent=4120"}],"wp:term":[{"taxonomy":"category","embeddable":true,"href":"https:\/\/bangpremier.com.br\/index.php\/wp-json\/wp\/v2\/categories?post=4120"},{"taxonomy":"post_tag","embeddable":true,"href":"https:\/\/bangpremier.com.br\/index.php\/wp-json\/wp\/v2\/tags?post=4120"}],"curies":[{"name":"wp","href":"https:\/\/api.w.org\/{rel}","templated":true}]}}