{"id":4115,"date":"2026-04-27T15:34:24","date_gmt":"2026-04-27T15:34:24","guid":{"rendered":"https:\/\/bangpremier.com.br\/index.php\/2026\/04\/27\/anne-hathaway-relembra-clima-nos-bastidores-de-o-diabo-veste-prada-antes-de-retorno-ao-papel\/"},"modified":"2026-04-27T15:34:26","modified_gmt":"2026-04-27T15:34:26","slug":"anne-hathaway-relembra-clima-nos-bastidores-de-o-diabo-veste-prada-antes-de-retorno-ao-papel","status":"publish","type":"post","link":"https:\/\/bangpremier.com.br\/index.php\/2026\/04\/27\/anne-hathaway-relembra-clima-nos-bastidores-de-o-diabo-veste-prada-antes-de-retorno-ao-papel\/","title":{"rendered":"Anne Hathaway relembra clima nos bastidores de &#039;O Diabo Veste Prada&#039; antes de retorno ao papel"},"content":{"rendered":"<p><b><\/b><br \/>\n<BR>A atriz Anne Hathaway, 43, relembrou os bastidores de &#8220;O Diabo Veste Prada&#8221; (2006) e afirmou que o elenco transformou as filmagens em uma das experi\u00eancias mais divertidas de sua carreira.<BR><br \/>\nA artista, que voltar\u00e1 a interpretar Andrea Sachs (Andy) na aguardada continua\u00e7\u00e3o do longa de sucesso, relatou que, apesar da ansiedade durante o projeto original, dividir cenas com colegas experientes tornou tudo mais especial.<BR><br \/>\n&#8220;Adorei fazer o primeiro [filme]. Sei que eu estava estressada, ansiosa e tudo isso, mas foi uma das experi\u00eancias mais hil\u00e1rias de todas devido \u00e0s pessoas com quem eu estava&#8221;, revelou ela em entrevista \u00e0 revista People.<BR><br \/>\nA estrela rasgou elogios aos colegas de elenco, Emily Blunt, Stanley Tucci e Meryl Streep.<BR><br \/>\n&#8220;Emily Blunt \u00e9 um sonho de ser humano. Stanley \u00e9 t\u00e3o engra\u00e7ado e sagaz, e Meryl&#8230; eu n\u00e3o falo para ela o quanto a reverencio, mas reverencio. Ela \u00e9 algu\u00e9m que admiro. Algu\u00e9m que define como se faz. Uma pessoa que alcan\u00e7ou um patamar e nunca se acomoda nisso, e est\u00e1 sempre se desafiando para crescer como artista. Ela \u00e9 inacredit\u00e1vel.&#8221;<BR><br \/>\n&#8220;O Diabo Veste Prada 2&#8221; acompanha a editora-chefe da revista Runway, Miranda Priestly (Meryl Streep), que durante um momento de intensas mudan\u00e7as no mundo da moda e do jornalismo ainda precisa enfrentar sua antiga secret\u00e1ria, Emily Charlton (Emily Blunt), agora uma executiva de sucesso que comanda as decis\u00f5es publicit\u00e1rias de uma marca de luxo. De volta \u00e0 revista, Andy (Anne Hathaway) \u00e9 escalada para ajudar a resolver a crise.<BR><br \/>\nAnne revelou que se identifica de uma maneira importante com sua personagem na sequ\u00eancia, que chega \u00e0s telonas 20 anos ap\u00f3s o primeiro filme.<BR><br \/>\n&#8220;Acho que n\u00f3s duas estamos mais confiantes. Acho que h\u00e1 20 anos, Andy estava muito preocupada em fazer tudo certo e realmente queria agradar sua chefe. Agora, acho que ela quer ser ela mesma e eu me identifico com isso.&#8221;<BR><br \/>\n&#8220;O Diabo Veste Prada 2&#8221; ainda conta com estrelas como Lucy Liu e Simone Ashley, e estreia nos cinemas brasileiros nesta quinta-feira (30).<br \/>\n<br \/><a href=\"https:\/\/bangpremier.com\/\" target=\"_blank\"> Visit Bang Premier (main website) <\/a><br \/>\n<br \/><script src=\"https:\/\/geo.dailymotion.com\/player\/xgs2h.js\" data-video=\"\"><\/script><\/p>\n","protected":false},"excerpt":{"rendered":"<p>A atriz Anne Hathaway, 43, relembrou os bastidores de &#8220;O Diabo Veste Prada&#8221; (2006) e afirmou que o elenco transformou as filmagens em uma das experi\u00eancias mais divertidas de sua&hellip;<\/p>\n","protected":false},"author":1,"featured_media":3848,"comment_status":"closed","ping_status":"open","sticky":false,"template":"","format":"standard","meta":{"footnotes":""},"categories":[1],"tags":[],"class_list":["post-4115","post","type-post","status-publish","format-standard","has-post-thumbnail","hentry","category-showbiz"],"_links":{"self":[{"href":"https:\/\/bangpremier.com.br\/index.php\/wp-json\/wp\/v2\/posts\/4115","targetHints":{"allow":["GET"]}}],"collection":[{"href":"https:\/\/bangpremier.com.br\/index.php\/wp-json\/wp\/v2\/posts"}],"about":[{"href":"https:\/\/bangpremier.com.br\/index.php\/wp-json\/wp\/v2\/types\/post"}],"author":[{"embeddable":true,"href":"https:\/\/bangpremier.com.br\/index.php\/wp-json\/wp\/v2\/users\/1"}],"replies":[{"embeddable":true,"href":"https:\/\/bangpremier.com.br\/index.php\/wp-json\/wp\/v2\/comments?post=4115"}],"version-history":[{"count":1,"href":"https:\/\/bangpremier.com.br\/index.php\/wp-json\/wp\/v2\/posts\/4115\/revisions"}],"predecessor-version":[{"id":4116,"href":"https:\/\/bangpremier.com.br\/index.php\/wp-json\/wp\/v2\/posts\/4115\/revisions\/4116"}],"wp:featuredmedia":[{"embeddable":true,"href":"https:\/\/bangpremier.com.br\/index.php\/wp-json\/wp\/v2\/media\/3848"}],"wp:attachment":[{"href":"https:\/\/bangpremier.com.br\/index.php\/wp-json\/wp\/v2\/media?parent=4115"}],"wp:term":[{"taxonomy":"category","embeddable":true,"href":"https:\/\/bangpremier.com.br\/index.php\/wp-json\/wp\/v2\/categories?post=4115"},{"taxonomy":"post_tag","embeddable":true,"href":"https:\/\/bangpremier.com.br\/index.php\/wp-json\/wp\/v2\/tags?post=4115"}],"curies":[{"name":"wp","href":"https:\/\/api.w.org\/{rel}","templated":true}]}}