{"id":4107,"date":"2026-04-27T11:08:51","date_gmt":"2026-04-27T11:08:51","guid":{"rendered":"https:\/\/bangpremier.com.br\/index.php\/2026\/04\/27\/trabalhador-morre-durante-montagem-do-palco-para-show-de-shakira-em-copacabana\/"},"modified":"2026-04-27T11:08:53","modified_gmt":"2026-04-27T11:08:53","slug":"trabalhador-morre-durante-montagem-do-palco-para-show-de-shakira-em-copacabana","status":"publish","type":"post","link":"https:\/\/bangpremier.com.br\/index.php\/2026\/04\/27\/trabalhador-morre-durante-montagem-do-palco-para-show-de-shakira-em-copacabana\/","title":{"rendered":"Trabalhador morre durante montagem do palco para show de Shakira em Copacabana"},"content":{"rendered":"<p><b><\/b><br \/>\n<BR>Um trabalhador morreu na tarde de domingo (26) ap\u00f3s sofrer um acidente durante a montagem do palco para o show da cantora Shakira, 49, em Copacabana, no Rio de Janeiro.<BR><br \/>\nDe acordo com informa\u00e7\u00f5es divulgadas pela Pol\u00edcia Militar, uma estrutura utilizada na montagem atingiu o profissional. V\u00eddeos que circulam nas redes sociais mostram o momento em que o homem fica preso e \u00e9 socorrido por colegas com aux\u00edlio de maquin\u00e1rio hidr\u00e1ulico. A v\u00edtima foi identificada como Gabriel Jesus Firmino, de 28 anos.<BR><br \/>\nOs organizadores do evento confirmaram a morte, mas negaram relatos de que o palco principal &#8220;teria desabado&#8221;. A produtora Bonus Track informou ainda que presta assist\u00eancia aos familiares.<BR><br \/>\n&#8220;A organiza\u00e7\u00e3o do evento confirma que um acidente na tarde deste domingo (26\/04) lamentavelmente vitimou um profissional que atuava na montagem das estruturas para o show. Os socorristas prestaram o primeiro atendimento no local e o Corpo de Bombeiros foi imediatamente acionado para o transporte do paciente. Infelizmente, o profissional veio a \u00f3bito no hospital. Neste momento, estamos prestando todo apoio, acolhimento e solidariedade \u00e0 empresa respons\u00e1vel, sua equipe e aos familiares da v\u00edtima&#8221;, diz o comunicado enviado \u00e0 imprensa.<BR><br \/>\nSegundo as autoridades, o caso foi registrado na 12\u00aa Delegacia de Pol\u00edcia de Copacabana, que ficar\u00e1 respons\u00e1vel pela investiga\u00e7\u00e3o, e a per\u00edcia t\u00e9cnica foi acionada para apurar as circunst\u00e2ncias do acidente e eventuais responsabilidades.<BR><br \/>\nO show da estrela colombiana est\u00e1 marcado para o pr\u00f3ximo dia 2 de maio, como parte do projeto Todo Mundo no Rio, iniciativa da Prefeitura voltada \u00e0 realiza\u00e7\u00e3o de grandes apresenta\u00e7\u00f5es gratuitas em espa\u00e7os p\u00fablicos. Em edi\u00e7\u00f5es anteriores, a cidade recebeu Madonna e Lady Gaga em megashows na praia de Copacabana.<BR><br \/>\nAt\u00e9 o momento, Shakira n\u00e3o se pronunciou publicamente sobre a trag\u00e9dia.<br \/>\n<br \/><a href=\"https:\/\/bangpremier.com\/\" target=\"_blank\"> Visit Bang Premier (main website) <\/a><br \/>\n<br \/><script src=\"https:\/\/geo.dailymotion.com\/player\/xgs2h.js\" data-video=\"\"><\/script><\/p>\n","protected":false},"excerpt":{"rendered":"<p>Um trabalhador morreu na tarde de domingo (26) ap\u00f3s sofrer um acidente durante a montagem do palco para o show da cantora Shakira, 49, em Copacabana, no Rio de Janeiro.&hellip;<\/p>\n","protected":false},"author":1,"featured_media":4108,"comment_status":"closed","ping_status":"open","sticky":false,"template":"","format":"standard","meta":{"footnotes":""},"categories":[1],"tags":[],"class_list":["post-4107","post","type-post","status-publish","format-standard","has-post-thumbnail","hentry","category-showbiz"],"_links":{"self":[{"href":"https:\/\/bangpremier.com.br\/index.php\/wp-json\/wp\/v2\/posts\/4107","targetHints":{"allow":["GET"]}}],"collection":[{"href":"https:\/\/bangpremier.com.br\/index.php\/wp-json\/wp\/v2\/posts"}],"about":[{"href":"https:\/\/bangpremier.com.br\/index.php\/wp-json\/wp\/v2\/types\/post"}],"author":[{"embeddable":true,"href":"https:\/\/bangpremier.com.br\/index.php\/wp-json\/wp\/v2\/users\/1"}],"replies":[{"embeddable":true,"href":"https:\/\/bangpremier.com.br\/index.php\/wp-json\/wp\/v2\/comments?post=4107"}],"version-history":[{"count":1,"href":"https:\/\/bangpremier.com.br\/index.php\/wp-json\/wp\/v2\/posts\/4107\/revisions"}],"predecessor-version":[{"id":4109,"href":"https:\/\/bangpremier.com.br\/index.php\/wp-json\/wp\/v2\/posts\/4107\/revisions\/4109"}],"wp:featuredmedia":[{"embeddable":true,"href":"https:\/\/bangpremier.com.br\/index.php\/wp-json\/wp\/v2\/media\/4108"}],"wp:attachment":[{"href":"https:\/\/bangpremier.com.br\/index.php\/wp-json\/wp\/v2\/media?parent=4107"}],"wp:term":[{"taxonomy":"category","embeddable":true,"href":"https:\/\/bangpremier.com.br\/index.php\/wp-json\/wp\/v2\/categories?post=4107"},{"taxonomy":"post_tag","embeddable":true,"href":"https:\/\/bangpremier.com.br\/index.php\/wp-json\/wp\/v2\/tags?post=4107"}],"curies":[{"name":"wp","href":"https:\/\/api.w.org\/{rel}","templated":true}]}}