{"id":3743,"date":"2026-03-16T13:04:53","date_gmt":"2026-03-16T13:04:53","guid":{"rendered":"https:\/\/bangpremier.com.br\/index.php\/2026\/03\/16\/wagner-moura-fala-pela-primeira-vez-apos-cerimonia-do-oscar\/"},"modified":"2026-03-16T13:04:55","modified_gmt":"2026-03-16T13:04:55","slug":"wagner-moura-fala-pela-primeira-vez-apos-cerimonia-do-oscar","status":"publish","type":"post","link":"https:\/\/bangpremier.com.br\/index.php\/2026\/03\/16\/wagner-moura-fala-pela-primeira-vez-apos-cerimonia-do-oscar\/","title":{"rendered":"Wagner Moura fala pela primeira vez ap\u00f3s cerim\u00f4nia do Oscar"},"content":{"rendered":"<p><b><\/b><br \/>\n<BR>O ator Wagner Moura, 49, falou sobre sua primeira participa\u00e7\u00e3o na cerim\u00f4nia do Oscar e afirmou ter se sentido &#8220;aliviado&#8221; com o fim da temporada de premia\u00e7\u00f5es. O brasileiro comentou o assunto ao chegar a uma festa ap\u00f3s a premia\u00e7\u00e3o, que aconteceu em Los Angeles, na noite de domingo (15).<BR><br \/>\nNa entrada do evento, o artista foi questionado sobre o sentimento de ter sido indicado ao pr\u00eamio de Melhor Ator por seu papel no filme &#8220;O Agente Secreto&#8221;, do diretor Kl\u00e9ber Mendon\u00e7a Filho.<BR><br \/>\n&#8220;Foi \u00f3timo, foi realmente \u00f3timo. Foi meu primeiro Oscar, foi uma experi\u00eancia \u00fanica&#8221;, declarou ele \u00e0 revista Vanity Fair.<BR><br \/>\nAo ser perguntado sobre o sentimento de encerrar a maratona de premia\u00e7\u00f5es e eventos &#8211; que incluiu o Globo de Ouro e o Festival de Cinema de Cannes -, o ator admitiu estar aliviado.<BR><br \/>\n&#8220;Claro, totalmente [aliviado]. \u00c9 como se voc\u00ea estivesse escalando uma montanha gigante e hoje chegamos ao topo dela, e eu me senti muito feliz com isso.&#8221;<BR><br \/>\nO longa &#8220;Uma Batalha Ap\u00f3s a Outra&#8221; levou o principal pr\u00eamio da noite, de Melhor Filme, superando &#8220;O Agente Secreto&#8221;. A estatueta de Melhor Ator, disputada por Wagner, ficou com Michael B. Jordan por seu trabalho em &#8220;Pecadores&#8221;.<BR><br \/>\nRecentemente, o artista j\u00e1 havia afirmado que preferia evitar expectativas em rela\u00e7\u00e3o ao Oscar e disse valorizar o resultado art\u00edstico acima de premia\u00e7\u00f5es.<BR><br \/>\n&#8220;Sou muito feliz com esse filme, gosto muito do filme, independentemente do que aconte\u00e7a com ele. Sou muito feliz&#8221;, declarou ele ao portal UOL.<br \/>\n<br \/><a href=\"https:\/\/bangpremier.com\/\" target=\"_blank\"> Visit Bang Premier (main website) <\/a><br \/>\n<br \/><script src=\"https:\/\/geo.dailymotion.com\/player\/xgs2h.js\" data-video=\"\"><\/script><\/p>\n","protected":false},"excerpt":{"rendered":"<p>O ator Wagner Moura, 49, falou sobre sua primeira participa\u00e7\u00e3o na cerim\u00f4nia do Oscar e afirmou ter se sentido &#8220;aliviado&#8221; com o fim da temporada de premia\u00e7\u00f5es. O brasileiro comentou&hellip;<\/p>\n","protected":false},"author":1,"featured_media":2412,"comment_status":"closed","ping_status":"open","sticky":false,"template":"","format":"standard","meta":{"footnotes":""},"categories":[1],"tags":[],"class_list":["post-3743","post","type-post","status-publish","format-standard","has-post-thumbnail","hentry","category-showbiz"],"_links":{"self":[{"href":"https:\/\/bangpremier.com.br\/index.php\/wp-json\/wp\/v2\/posts\/3743","targetHints":{"allow":["GET"]}}],"collection":[{"href":"https:\/\/bangpremier.com.br\/index.php\/wp-json\/wp\/v2\/posts"}],"about":[{"href":"https:\/\/bangpremier.com.br\/index.php\/wp-json\/wp\/v2\/types\/post"}],"author":[{"embeddable":true,"href":"https:\/\/bangpremier.com.br\/index.php\/wp-json\/wp\/v2\/users\/1"}],"replies":[{"embeddable":true,"href":"https:\/\/bangpremier.com.br\/index.php\/wp-json\/wp\/v2\/comments?post=3743"}],"version-history":[{"count":1,"href":"https:\/\/bangpremier.com.br\/index.php\/wp-json\/wp\/v2\/posts\/3743\/revisions"}],"predecessor-version":[{"id":3744,"href":"https:\/\/bangpremier.com.br\/index.php\/wp-json\/wp\/v2\/posts\/3743\/revisions\/3744"}],"wp:featuredmedia":[{"embeddable":true,"href":"https:\/\/bangpremier.com.br\/index.php\/wp-json\/wp\/v2\/media\/2412"}],"wp:attachment":[{"href":"https:\/\/bangpremier.com.br\/index.php\/wp-json\/wp\/v2\/media?parent=3743"}],"wp:term":[{"taxonomy":"category","embeddable":true,"href":"https:\/\/bangpremier.com.br\/index.php\/wp-json\/wp\/v2\/categories?post=3743"},{"taxonomy":"post_tag","embeddable":true,"href":"https:\/\/bangpremier.com.br\/index.php\/wp-json\/wp\/v2\/tags?post=3743"}],"curies":[{"name":"wp","href":"https:\/\/api.w.org\/{rel}","templated":true}]}}