{"id":3733,"date":"2026-03-15T13:54:51","date_gmt":"2026-03-15T13:54:51","guid":{"rendered":"https:\/\/bangpremier.com.br\/index.php\/2026\/03\/15\/principe-william-faz-homenagem-de-dia-das-daes-a-princesa-diana\/"},"modified":"2026-03-15T13:54:53","modified_gmt":"2026-03-15T13:54:53","slug":"principe-william-faz-homenagem-de-dia-das-daes-a-princesa-diana","status":"publish","type":"post","link":"https:\/\/bangpremier.com.br\/index.php\/2026\/03\/15\/principe-william-faz-homenagem-de-dia-das-daes-a-princesa-diana\/","title":{"rendered":"Pr\u00edncipe William faz homenagem de dia das d\u00e3es \u00e0 princesa Diana"},"content":{"rendered":"<p><b><\/b><br \/>\n<BR>O pr\u00edncipe William, 43, usou as redes sociais para homenagear sua m\u00e3e, a princesa Diana, no dia das m\u00e3es. A data \u00e9 comemorada neste domingo (15) no Reino Unido.<BR><br \/>\nWilliam publicou no Instagram uma foto antiga em que aparece ainda crian\u00e7a ao lado da m\u00e3e. Na legenda, ele escreveu: \u201cLembrando da minha m\u00e3e, hoje e sempre.\u201d<BR><br \/>\n\u201cPensando em todos aqueles que est\u00e3o lembrando de algu\u00e9m que amam hoje. Feliz Dia das M\u00e3es. W&#8221;, completou.<BR><br \/>\nA princesa Diana morreu em um tr\u00e1gico acidente de carro em Paris, em 1997, quando William tinha apenas 15 anos.<BR><br \/>\nO pai do pr\u00edncipe, o rei Charles, e sua esposa, a rainha Camilla, tamb\u00e9m celebraram a data com uma publica\u00e7\u00e3o no Instagram. <BR><br \/>\nEles publicaram fotos da m\u00e3e de Charles, a rainha Elizabeth II, e da m\u00e3e de Camilla, Rosalind Shand.<BR><br \/>\n\u201cDesejando a todas as m\u00e3es, e \u00e0queles que podem estar sentindo falta de suas m\u00e3es hoje, um tranquilo domingo das m\u00e3es\u201d, divulgaram na legenda.<br \/>\n<br \/><a href=\"https:\/\/bangpremier.com\/\" target=\"_blank\"> Visit Bang Premier (main website) <\/a><br \/>\n<br \/><script src=\"https:\/\/geo.dailymotion.com\/player\/xgs2h.js\" data-video=\"\"><\/script><\/p>\n","protected":false},"excerpt":{"rendered":"<p>O pr\u00edncipe William, 43, usou as redes sociais para homenagear sua m\u00e3e, a princesa Diana, no dia das m\u00e3es. A data \u00e9 comemorada neste domingo (15) no Reino Unido. William&hellip;<\/p>\n","protected":false},"author":1,"featured_media":3734,"comment_status":"closed","ping_status":"open","sticky":false,"template":"","format":"standard","meta":{"footnotes":""},"categories":[1],"tags":[],"class_list":["post-3733","post","type-post","status-publish","format-standard","has-post-thumbnail","hentry","category-showbiz"],"_links":{"self":[{"href":"https:\/\/bangpremier.com.br\/index.php\/wp-json\/wp\/v2\/posts\/3733","targetHints":{"allow":["GET"]}}],"collection":[{"href":"https:\/\/bangpremier.com.br\/index.php\/wp-json\/wp\/v2\/posts"}],"about":[{"href":"https:\/\/bangpremier.com.br\/index.php\/wp-json\/wp\/v2\/types\/post"}],"author":[{"embeddable":true,"href":"https:\/\/bangpremier.com.br\/index.php\/wp-json\/wp\/v2\/users\/1"}],"replies":[{"embeddable":true,"href":"https:\/\/bangpremier.com.br\/index.php\/wp-json\/wp\/v2\/comments?post=3733"}],"version-history":[{"count":1,"href":"https:\/\/bangpremier.com.br\/index.php\/wp-json\/wp\/v2\/posts\/3733\/revisions"}],"predecessor-version":[{"id":3735,"href":"https:\/\/bangpremier.com.br\/index.php\/wp-json\/wp\/v2\/posts\/3733\/revisions\/3735"}],"wp:featuredmedia":[{"embeddable":true,"href":"https:\/\/bangpremier.com.br\/index.php\/wp-json\/wp\/v2\/media\/3734"}],"wp:attachment":[{"href":"https:\/\/bangpremier.com.br\/index.php\/wp-json\/wp\/v2\/media?parent=3733"}],"wp:term":[{"taxonomy":"category","embeddable":true,"href":"https:\/\/bangpremier.com.br\/index.php\/wp-json\/wp\/v2\/categories?post=3733"},{"taxonomy":"post_tag","embeddable":true,"href":"https:\/\/bangpremier.com.br\/index.php\/wp-json\/wp\/v2\/tags?post=3733"}],"curies":[{"name":"wp","href":"https:\/\/api.w.org\/{rel}","templated":true}]}}