{"id":3727,"date":"2026-03-14T11:15:40","date_gmt":"2026-03-14T11:15:40","guid":{"rendered":"https:\/\/bangpremier.com.br\/index.php\/2026\/03\/14\/heidi-klum-revela-por-que-considera-o-tdah-seu-superpoder\/"},"modified":"2026-03-14T11:15:41","modified_gmt":"2026-03-14T11:15:41","slug":"heidi-klum-revela-por-que-considera-o-tdah-seu-superpoder","status":"publish","type":"post","link":"https:\/\/bangpremier.com.br\/index.php\/2026\/03\/14\/heidi-klum-revela-por-que-considera-o-tdah-seu-superpoder\/","title":{"rendered":"Heidi Klum revela por que considera o TDAH seu &#039;superpoder&#039;"},"content":{"rendered":"<p><b><\/b><br \/>\n<BR>A modelo e apresentadora Heidi Klum, 52, afirmou que considera o transtorno de d\u00e9ficit de aten\u00e7\u00e3o com hiperatividade (TDAH) seu &#8220;superpoder&#8221;. A estrela alem\u00e3 revelou ter sido diagnosticada com uma forma da condi\u00e7\u00e3o &#8211; caracterizada por desaten\u00e7\u00e3o, hiperatividade e impulsividade -, mas disse enxergar o lado positivo do quadro.<BR><br \/>\nAo falar sobre como o TDAH influencia sua rotina, Heidi explicou que o transtorno a ajuda a realizar v\u00e1rias\u00a0tarefas simultaneamente e possibilita que ela concilie diversos projetos.<BR><br \/>\n&#8220;\u00c9 o meu superpoder. Sou muito hiperativa por causa do meu TDAH. Consigo fazer mil coisas diferentes ao mesmo tempo. Trabalho em muitos projetos simultaneamente e continuo assumindo ainda mais&#8221;, afirmou ela em entrevista \u00e0 edi\u00e7\u00e3o alem\u00e3 da revista Glamour.<BR><br \/>\nDe acordo com o Minist\u00e9rio da Sa\u00fade, o TDAH \u00e9 um transtorno do neurodesenvolvimento caracterizado por sintomas persistentes de desaten\u00e7\u00e3o, hiperatividade e impulsividade, que podem afetar o desempenho escolar, profissional e as rela\u00e7\u00f5es sociais. O quadro costuma se manifestar ainda na inf\u00e2ncia, embora tamb\u00e9m possa ser diagnosticado em adolescentes e adultos.<br \/>\n<br \/><a href=\"https:\/\/bangpremier.com\/\" target=\"_blank\"> Visit Bang Premier (main website) <\/a><br \/>\n<br \/><script src=\"https:\/\/geo.dailymotion.com\/player\/xgs2h.js\" data-video=\"\"><\/script><\/p>\n","protected":false},"excerpt":{"rendered":"<p>A modelo e apresentadora Heidi Klum, 52, afirmou que considera o transtorno de d\u00e9ficit de aten\u00e7\u00e3o com hiperatividade (TDAH) seu &#8220;superpoder&#8221;. A estrela alem\u00e3 revelou ter sido diagnosticada com uma&hellip;<\/p>\n","protected":false},"author":1,"featured_media":3728,"comment_status":"closed","ping_status":"open","sticky":false,"template":"","format":"standard","meta":{"footnotes":""},"categories":[1],"tags":[],"class_list":["post-3727","post","type-post","status-publish","format-standard","has-post-thumbnail","hentry","category-showbiz"],"_links":{"self":[{"href":"https:\/\/bangpremier.com.br\/index.php\/wp-json\/wp\/v2\/posts\/3727","targetHints":{"allow":["GET"]}}],"collection":[{"href":"https:\/\/bangpremier.com.br\/index.php\/wp-json\/wp\/v2\/posts"}],"about":[{"href":"https:\/\/bangpremier.com.br\/index.php\/wp-json\/wp\/v2\/types\/post"}],"author":[{"embeddable":true,"href":"https:\/\/bangpremier.com.br\/index.php\/wp-json\/wp\/v2\/users\/1"}],"replies":[{"embeddable":true,"href":"https:\/\/bangpremier.com.br\/index.php\/wp-json\/wp\/v2\/comments?post=3727"}],"version-history":[{"count":1,"href":"https:\/\/bangpremier.com.br\/index.php\/wp-json\/wp\/v2\/posts\/3727\/revisions"}],"predecessor-version":[{"id":3729,"href":"https:\/\/bangpremier.com.br\/index.php\/wp-json\/wp\/v2\/posts\/3727\/revisions\/3729"}],"wp:featuredmedia":[{"embeddable":true,"href":"https:\/\/bangpremier.com.br\/index.php\/wp-json\/wp\/v2\/media\/3728"}],"wp:attachment":[{"href":"https:\/\/bangpremier.com.br\/index.php\/wp-json\/wp\/v2\/media?parent=3727"}],"wp:term":[{"taxonomy":"category","embeddable":true,"href":"https:\/\/bangpremier.com.br\/index.php\/wp-json\/wp\/v2\/categories?post=3727"},{"taxonomy":"post_tag","embeddable":true,"href":"https:\/\/bangpremier.com.br\/index.php\/wp-json\/wp\/v2\/tags?post=3727"}],"curies":[{"name":"wp","href":"https:\/\/api.w.org\/{rel}","templated":true}]}}