{"id":3708,"date":"2026-03-12T10:06:14","date_gmt":"2026-03-12T10:06:14","guid":{"rendered":"https:\/\/bangpremier.com.br\/index.php\/2026\/03\/12\/andrea-bocelli-rebate-fala-polemica-de-chalamet-sobre-opera-e-o-convida-para-concerto\/"},"modified":"2026-03-12T10:06:16","modified_gmt":"2026-03-12T10:06:16","slug":"andrea-bocelli-rebate-fala-polemica-de-chalamet-sobre-opera-e-o-convida-para-concerto","status":"publish","type":"post","link":"https:\/\/bangpremier.com.br\/index.php\/2026\/03\/12\/andrea-bocelli-rebate-fala-polemica-de-chalamet-sobre-opera-e-o-convida-para-concerto\/","title":{"rendered":"Andrea Bocelli rebate fala pol\u00eamica de Chalamet sobre \u00f3pera e o convida para concerto"},"content":{"rendered":"<p><b><\/b><br \/>\n<BR>O tenor italiano Andrea Bocelli, 67, convidou o ator Timoth\u00e9e Chalamet, 30, para assistir a um de seus concertos ap\u00f3s o astro de Hollywood questionar o interesse do p\u00fablico contempor\u00e2neo por \u00f3pera e bal\u00e9.<BR><br \/>\nO cantor afirmou acreditar que o ator pode mudar de perspectiva ao ter contato direto com as formas tradicionais de arte.<BR><br \/>\n&#8220;N\u00e3o tenho d\u00favidas de que um int\u00e9rprete sens\u00edvel como Timoth\u00e9e, que entende o poder das emo\u00e7\u00f5es, pode um dia descobrir que a \u00f3pera e a dan\u00e7a bebem exatamente dessa mesma fonte. Se um dia ele tiver curiosidade, ficarei feliz em receb\u00ea-lo como convidado em um dos meus concertos. \u00c0s vezes bastam alguns minutos ouvindo essa m\u00fasica ao vivo para entender por que, ap\u00f3s s\u00e9culos, ela continua sendo amada em todo o mundo.&#8221;<BR><br \/>\nO \u00edcone italiano tamb\u00e9m defendeu a relev\u00e2ncia da \u00f3pera e do bal\u00e9, acrescentando que as express\u00f5es art\u00edsticas continuam a dialogar com diferentes gera\u00e7\u00f5es.<BR><br \/>\n&#8220;Acredito que muitas vezes tendemos a manter dist\u00e2ncia daquilo que ainda n\u00e3o conhecemos de verdade. A \u00f3pera e o bal\u00e9 s\u00e3o formas de arte que atravessaram s\u00e9culos e continuam a falar ao cora\u00e7\u00e3o humano, porque respondem a uma necessidade intr\u00ednseca de beleza, verdade e emo\u00e7\u00e3o. N\u00e3o s\u00e3o artes do passado, mas linguagens vivas que ainda podem nos emocionar, nos fazer refletir e aproximar diferentes gera\u00e7\u00f5es.&#8221;<BR><br \/>\nO protagonista de &#8220;Marty Supreme&#8221; fez a declara\u00e7\u00e3o pol\u00eamica durante uma conversa com o tamb\u00e9m ator Matthew McConaughey, 56, na Universidade do Texas, enquanto discutiam o ritmo acelerado do cinema atual.<BR><br \/>\nNa ocasi\u00e3o, o artista afirmou: &#8220;N\u00e3o quero trabalhar com o bal\u00e9, \u00f3pera ou coisas do tipo: &#8216;Ei, mantenha isso vivo, mesmo que ningu\u00e9m mais se importe&#8217;. Todo respeito ao pessoal do bal\u00e9 e da \u00f3pera por a\u00ed.&#8221;<BR><br \/>\nApesar da plateia ter rido no momento, o indicado ao Oscar parece ter percebido o erro logo em seguida.<BR><br \/>\n&#8220;Acabei de perder um pouco de audi\u00eancia. Dei umas cutucadas sem motivo&#8221;, brincou.<br \/>\n<br \/><a href=\"https:\/\/bangpremier.com\/\" target=\"_blank\"> Visit Bang Premier (main website) <\/a><br \/>\n<br \/><script src=\"https:\/\/geo.dailymotion.com\/player\/xgs2h.js\" data-video=\"\"><\/script><\/p>\n","protected":false},"excerpt":{"rendered":"<p>O tenor italiano Andrea Bocelli, 67, convidou o ator Timoth\u00e9e Chalamet, 30, para assistir a um de seus concertos ap\u00f3s o astro de Hollywood questionar o interesse do p\u00fablico contempor\u00e2neo&hellip;<\/p>\n","protected":false},"author":1,"featured_media":1250,"comment_status":"closed","ping_status":"open","sticky":false,"template":"","format":"standard","meta":{"footnotes":""},"categories":[1],"tags":[],"class_list":["post-3708","post","type-post","status-publish","format-standard","has-post-thumbnail","hentry","category-showbiz"],"_links":{"self":[{"href":"https:\/\/bangpremier.com.br\/index.php\/wp-json\/wp\/v2\/posts\/3708","targetHints":{"allow":["GET"]}}],"collection":[{"href":"https:\/\/bangpremier.com.br\/index.php\/wp-json\/wp\/v2\/posts"}],"about":[{"href":"https:\/\/bangpremier.com.br\/index.php\/wp-json\/wp\/v2\/types\/post"}],"author":[{"embeddable":true,"href":"https:\/\/bangpremier.com.br\/index.php\/wp-json\/wp\/v2\/users\/1"}],"replies":[{"embeddable":true,"href":"https:\/\/bangpremier.com.br\/index.php\/wp-json\/wp\/v2\/comments?post=3708"}],"version-history":[{"count":1,"href":"https:\/\/bangpremier.com.br\/index.php\/wp-json\/wp\/v2\/posts\/3708\/revisions"}],"predecessor-version":[{"id":3709,"href":"https:\/\/bangpremier.com.br\/index.php\/wp-json\/wp\/v2\/posts\/3708\/revisions\/3709"}],"wp:featuredmedia":[{"embeddable":true,"href":"https:\/\/bangpremier.com.br\/index.php\/wp-json\/wp\/v2\/media\/1250"}],"wp:attachment":[{"href":"https:\/\/bangpremier.com.br\/index.php\/wp-json\/wp\/v2\/media?parent=3708"}],"wp:term":[{"taxonomy":"category","embeddable":true,"href":"https:\/\/bangpremier.com.br\/index.php\/wp-json\/wp\/v2\/categories?post=3708"},{"taxonomy":"post_tag","embeddable":true,"href":"https:\/\/bangpremier.com.br\/index.php\/wp-json\/wp\/v2\/tags?post=3708"}],"curies":[{"name":"wp","href":"https:\/\/api.w.org\/{rel}","templated":true}]}}