{"id":3703,"date":"2026-03-11T12:31:51","date_gmt":"2026-03-11T12:31:51","guid":{"rendered":"https:\/\/bangpremier.com.br\/index.php\/2026\/03\/11\/rainha-camilla-condena-violencia-as-mulheres-em-meio-a-escandalo-envolvendo-ex-principe-andrew\/"},"modified":"2026-03-11T12:31:52","modified_gmt":"2026-03-11T12:31:52","slug":"rainha-camilla-condena-violencia-as-mulheres-em-meio-a-escandalo-envolvendo-ex-principe-andrew","status":"publish","type":"post","link":"https:\/\/bangpremier.com.br\/index.php\/2026\/03\/11\/rainha-camilla-condena-violencia-as-mulheres-em-meio-a-escandalo-envolvendo-ex-principe-andrew\/","title":{"rendered":"Rainha Camilla condena viol\u00eancia \u00e0s mulheres em meio a esc\u00e2ndalo envolvendo ex-pr\u00edncipe Andrew"},"content":{"rendered":"<p><b><\/b><br \/>\n<BR>A rainha Camilla, 78, fez um discurso condenando o abuso e a viol\u00eancia contra as mulheres durante um evento que celebrou o Dia Internacional da Mulher, que ocorreu em Londres, na \u00faltima ter\u00e7a-feira (10).<BR><br \/>\nA esposa do rei Charles III disse \u00e0s v\u00edtimas que elas n\u00e3o est\u00e3o sozinhas e criticou pessoas que praticam viol\u00eancias.<BR><br \/>\nDurante o evento, Camilla usou um broche com a frase \u201cA vergonha deve mudar de lado\u201d, que recebeu da sobrevivente e ativista francesa Gis\u00e8le Pelicot.<BR><br \/>\nO discurso da rainha ocorreu em meio a uma renovada aten\u00e7\u00e3o ao esc\u00e2ndalo do caso Jeffrey Epstein, ap\u00f3s desdobramentos legais envolverem seu cunhado, Andrew Mountbatten-Windsor, 66, que perdeu seus t\u00edtulos reais.<BR><br \/>\nEla disse: \u201cA cada sobrevivente de todo tipo de viol\u00eancia, muitas das quais n\u00e3o conseguiram contar suas hist\u00f3rias ou n\u00e3o foram validadas, por favor saibam que voc\u00eas n\u00e3o est\u00e3o sozinhas. Estamos com voc\u00eas e ao lado de voc\u00eas, hoje e todos os dias, em solidariedade, tristeza e empatia. Toda mulher tem uma hist\u00f3ria e essas hist\u00f3rias precisam ser contadas.\u201d<BR><br \/>\n\u201cPorque quando vivemos em uma cultura de sil\u00eancio, perpetuamos a viol\u00eancia contra mulheres e meninas\u201d, completou.<BR><br \/>\nCamilla tamb\u00e9m criticou comportamentos abusivos online, dizendo que eles contribuem para padr\u00f5es mais amplos de viol\u00eancia.<BR><br \/>\n\u201cN\u00e3o podemos nos surpreender com a crueldade f\u00edsica se, nos espa\u00e7os digitais, fechamos os olhos para aqueles que despejam abusos sobre os outros sem pensar nas consequ\u00eancias.\u201d<BR><br \/>\n\u201cToda mulher tem uma hist\u00f3ria. E, da mesma forma, todo homem tamb\u00e9m tem. Vamos nos unir para, nas palavras de Gis\u00e8le Pelicot, promover \u2018um despertar coletivo\u2019. Trata-se de educa\u00e7\u00e3o, respeito e gentileza com os outros. \u00c9 simples assim\u201d, concluiu.<br \/>\n<br \/><a href=\"https:\/\/bangpremier.com\/\" target=\"_blank\"> Visit Bang Premier (main website) <\/a><br \/>\n<br \/><script src=\"https:\/\/geo.dailymotion.com\/player\/xgs2h.js\" data-video=\"\"><\/script><\/p>\n","protected":false},"excerpt":{"rendered":"<p>A rainha Camilla, 78, fez um discurso condenando o abuso e a viol\u00eancia contra as mulheres durante um evento que celebrou o Dia Internacional da Mulher, que ocorreu em Londres,&hellip;<\/p>\n","protected":false},"author":1,"featured_media":1893,"comment_status":"closed","ping_status":"open","sticky":false,"template":"","format":"standard","meta":{"footnotes":""},"categories":[1],"tags":[],"class_list":["post-3703","post","type-post","status-publish","format-standard","has-post-thumbnail","hentry","category-showbiz"],"_links":{"self":[{"href":"https:\/\/bangpremier.com.br\/index.php\/wp-json\/wp\/v2\/posts\/3703","targetHints":{"allow":["GET"]}}],"collection":[{"href":"https:\/\/bangpremier.com.br\/index.php\/wp-json\/wp\/v2\/posts"}],"about":[{"href":"https:\/\/bangpremier.com.br\/index.php\/wp-json\/wp\/v2\/types\/post"}],"author":[{"embeddable":true,"href":"https:\/\/bangpremier.com.br\/index.php\/wp-json\/wp\/v2\/users\/1"}],"replies":[{"embeddable":true,"href":"https:\/\/bangpremier.com.br\/index.php\/wp-json\/wp\/v2\/comments?post=3703"}],"version-history":[{"count":1,"href":"https:\/\/bangpremier.com.br\/index.php\/wp-json\/wp\/v2\/posts\/3703\/revisions"}],"predecessor-version":[{"id":3704,"href":"https:\/\/bangpremier.com.br\/index.php\/wp-json\/wp\/v2\/posts\/3703\/revisions\/3704"}],"wp:featuredmedia":[{"embeddable":true,"href":"https:\/\/bangpremier.com.br\/index.php\/wp-json\/wp\/v2\/media\/1893"}],"wp:attachment":[{"href":"https:\/\/bangpremier.com.br\/index.php\/wp-json\/wp\/v2\/media?parent=3703"}],"wp:term":[{"taxonomy":"category","embeddable":true,"href":"https:\/\/bangpremier.com.br\/index.php\/wp-json\/wp\/v2\/categories?post=3703"},{"taxonomy":"post_tag","embeddable":true,"href":"https:\/\/bangpremier.com.br\/index.php\/wp-json\/wp\/v2\/tags?post=3703"}],"curies":[{"name":"wp","href":"https:\/\/api.w.org\/{rel}","templated":true}]}}