{"id":3701,"date":"2026-03-11T10:03:00","date_gmt":"2026-03-11T10:03:00","guid":{"rendered":"https:\/\/bangpremier.com.br\/index.php\/2026\/03\/11\/simone-biles-diz-que-sentiu-medo-de-ser-cancelada-apos-desistir-dos-jogos-olimpicos-de-toquio\/"},"modified":"2026-03-11T10:03:02","modified_gmt":"2026-03-11T10:03:02","slug":"simone-biles-diz-que-sentiu-medo-de-ser-cancelada-apos-desistir-dos-jogos-olimpicos-de-toquio","status":"publish","type":"post","link":"https:\/\/bangpremier.com.br\/index.php\/2026\/03\/11\/simone-biles-diz-que-sentiu-medo-de-ser-cancelada-apos-desistir-dos-jogos-olimpicos-de-toquio\/","title":{"rendered":"Simone Biles diz que sentiu medo de ser &#039;cancelada&#039; ap\u00f3s desistir dos Jogos Ol\u00edmpicos de T\u00f3quio"},"content":{"rendered":"<p><b><\/b><br \/>\n<BR>A ginasta Simone Biles, 28, afirmou que temeu ser &#8220;cancelada&#8221; depois de decidir se retirar de uma prova durante os Jogos Ol\u00edmpicos de T\u00f3quio 2020. A atleta norte-americana competia pela \u200be\u200bquipe dos Estados Unidos quando \u200bdesistiu das Olimp\u00edadas para priorizar sua sa\u00fade.<BR><br \/>\n\u200bA ginasta mais condecorada da hist\u00f3ria\u200b relatou que a decis\u00e3o foi tomada ap\u00f3s perceber que seu corpo e sua mente n\u00e3o estavam em sintonia, o que poderia representar um risco s\u00e9rio na modalidade.<BR><br \/>\n&#8220;Todo mundo presumiu que eu faria o que sempre fiz: seguir em frente e trazer o ouro para casa. Mas algo dentro de mim sabia que dessa vez era diferente. Muito diferente. Meu corpo estava l\u00e1, mas n\u00e3o estava em sintonia com a minha mente. Eu n\u00e3o estava bem. E, na gin\u00e1stica, isso \u00e9 extremamente perigoso&#8221;, come\u00e7ou ela em entrevista \u00e0 revista Stylist.<BR><br \/>\n&#8220;Precisei confiar em mim mesma. Confiar na intui\u00e7\u00e3o que passei a vida inteira desenvolvendo. Confiar na voz que me dizia que nenhuma medalha ou reconhecimento valia a minha sa\u00fade e a minha seguran\u00e7a&#8230; Ent\u00e3o, dei um passo atr\u00e1s. Eu disse aos meus treinadores e colegas de equipe que n\u00e3o poderia continuar&#8221;, relembrou.<BR><br \/>\nA atleta admitiu que tinha consci\u00eancia de que a decis\u00e3o poderia provocar forte rea\u00e7\u00e3o p\u00fablica, j\u00e1 que havia grande expectativa em torno de sua participa\u00e7\u00e3o.<BR><br \/>\n&#8220;Eu tinha plena consci\u00eancia de que n\u00e3o estava apenas decepcionando eles, mas tamb\u00e9m todo o meu pa\u00eds. Eu sabia da rea\u00e7\u00e3o negativa que enfrentaria. Tive medo de ser cancelada; das manchetes, dos coment\u00e1rios, dos julgamentos. Mas eu tamb\u00e9m sabia de uma coisa: eu n\u00e3o estava decepcionando a mim mesma. Depois, percebi que isso era a coisa mais importante de todas. Mesmo sendo uma das decis\u00f5es mais dif\u00edceis que j\u00e1 tomei, foi tamb\u00e9m a mais corajosa&#8221;, pontuou.<BR><br \/>\nDepois de retornar do Jap\u00e3o, Simone buscou acompanhamento psicol\u00f3gico e, posteriormente, voltou a competir. A ginasta afirmou que n\u00e3o se arrepende de ter dado uma pausa na carreira.<BR><br \/>\n&#8220;N\u00e3o vou fingir que foi f\u00e1cil. Que eu n\u00e3o duvidei de mim mesma. Que eu n\u00e3o fiquei deitada na cama comendo sorvete o dia todo, rolando o feed sem parar e me perguntando quem eu era. Eu n\u00e3o tinha um plano para isso. Eu me sentia como se tivesse a palavra &#8216;derrotada&#8217; tatuada na testa. Foi avassalador. Mas aqui est\u00e1 algo que eu gostaria de ter aprendido antes: seguir em frente a qualquer custo nem sempre \u00e9 um sinal de for\u00e7a. Dar um passo atr\u00e1s n\u00e3o \u00e9 fraqueza. Precisei de bastante terapia e muito trabalho para entender isso. E levou tempo.&#8221;<br \/>\n<br \/><a href=\"https:\/\/bangpremier.com\/\" target=\"_blank\"> Visit Bang Premier (main website) <\/a><br \/>\n<br \/><script src=\"https:\/\/geo.dailymotion.com\/player\/xgs2h.js\" data-video=\"\"><\/script><\/p>\n","protected":false},"excerpt":{"rendered":"<p>A ginasta Simone Biles, 28, afirmou que temeu ser &#8220;cancelada&#8221; depois de decidir se retirar de uma prova durante os Jogos Ol\u00edmpicos de T\u00f3quio 2020. A atleta norte-americana competia pela&hellip;<\/p>\n","protected":false},"author":1,"featured_media":2676,"comment_status":"closed","ping_status":"open","sticky":false,"template":"","format":"standard","meta":{"footnotes":""},"categories":[1],"tags":[],"class_list":["post-3701","post","type-post","status-publish","format-standard","has-post-thumbnail","hentry","category-showbiz"],"_links":{"self":[{"href":"https:\/\/bangpremier.com.br\/index.php\/wp-json\/wp\/v2\/posts\/3701","targetHints":{"allow":["GET"]}}],"collection":[{"href":"https:\/\/bangpremier.com.br\/index.php\/wp-json\/wp\/v2\/posts"}],"about":[{"href":"https:\/\/bangpremier.com.br\/index.php\/wp-json\/wp\/v2\/types\/post"}],"author":[{"embeddable":true,"href":"https:\/\/bangpremier.com.br\/index.php\/wp-json\/wp\/v2\/users\/1"}],"replies":[{"embeddable":true,"href":"https:\/\/bangpremier.com.br\/index.php\/wp-json\/wp\/v2\/comments?post=3701"}],"version-history":[{"count":1,"href":"https:\/\/bangpremier.com.br\/index.php\/wp-json\/wp\/v2\/posts\/3701\/revisions"}],"predecessor-version":[{"id":3702,"href":"https:\/\/bangpremier.com.br\/index.php\/wp-json\/wp\/v2\/posts\/3701\/revisions\/3702"}],"wp:featuredmedia":[{"embeddable":true,"href":"https:\/\/bangpremier.com.br\/index.php\/wp-json\/wp\/v2\/media\/2676"}],"wp:attachment":[{"href":"https:\/\/bangpremier.com.br\/index.php\/wp-json\/wp\/v2\/media?parent=3701"}],"wp:term":[{"taxonomy":"category","embeddable":true,"href":"https:\/\/bangpremier.com.br\/index.php\/wp-json\/wp\/v2\/categories?post=3701"},{"taxonomy":"post_tag","embeddable":true,"href":"https:\/\/bangpremier.com.br\/index.php\/wp-json\/wp\/v2\/tags?post=3701"}],"curies":[{"name":"wp","href":"https:\/\/api.w.org\/{rel}","templated":true}]}}