{"id":3687,"date":"2026-03-06T11:00:58","date_gmt":"2026-03-06T11:00:58","guid":{"rendered":"https:\/\/bangpremier.com.br\/index.php\/2026\/03\/06\/jack-osbourne-relembra-o-dia-em-que-seu-pai-ozzy-morreu-ele-estava-pronto\/"},"modified":"2026-03-06T11:01:00","modified_gmt":"2026-03-06T11:01:00","slug":"jack-osbourne-relembra-o-dia-em-que-seu-pai-ozzy-morreu-ele-estava-pronto","status":"publish","type":"post","link":"https:\/\/bangpremier.com.br\/index.php\/2026\/03\/06\/jack-osbourne-relembra-o-dia-em-que-seu-pai-ozzy-morreu-ele-estava-pronto\/","title":{"rendered":"Jack Osbourne relembra o dia em que seu pai, Ozzy, morreu: \u200b&#039;Ele estava pronto\u200b&#039;"},"content":{"rendered":"<p><b><\/b><br \/>\n<BR>Jack Osbourne, 40, falou abertamente sobre a manh\u00e3 em que seu pai, o cantor Ozzy Osbourne, faleceu. O astro descreveu as \u00faltimas horas de vida do vocalista do Black Sabbath como \u201ccalmas e rotineiras\u201d.<BR><br \/>\nOzzy morreu em 22 de julho do ano passado, aos 76 anos, ap\u00f3s uma longa carreira no rock e depois de uma dura batalha contra a doen\u00e7a de Parkinson.<BR><br \/>\nDurante participa\u00e7\u00e3o no podcast do comediante Jamie Kennedy, Hate to Break It to Ya, Jack relatou que a forma com que seu pai morreu n\u00e3o foi \u201cdram\u00e1tica\u201d: \u201cEle acordou, estava fazendo as coisas dele, tomou caf\u00e9 da manh\u00e3, e foi isso.\u201d<BR><br \/>\nApesar dos problemas de sa\u00fade de longa data de Ozzy, Jack disse que a fam\u00edlia n\u00e3o havia previsto o momento da morte do astro.<BR><br \/>\n\u201cObviamente, todo mundo sabia que ele estava doente, mas ele estava realmente se preparando para o show [de despedida do Black Sabbath], ent\u00e3o estava se exercitando bastante e se movimentando. Ele estava entusiasmado. N\u00e3o esper\u00e1vamos que fosse t\u00e3o r\u00e1pido quanto foi. Eu simplesmente acho que ele j\u00e1 estava pronto&#8230; Realmente acredito que n\u00f3s temos uma escolha, at\u00e9 certo ponto\u201d, declarou ele.<BR><br \/>\nA causa oficial da morte de Ozzy foi registrada como parada card\u00edaca, com a doen\u00e7a de Parkinson listada como um fator que contribuiu para o \u00f3bito.<br \/>\n<br \/><a href=\"https:\/\/bangpremier.com\/\" target=\"_blank\"> Visit Bang Premier (main website) <\/a><br \/>\n<br \/><script src=\"https:\/\/geo.dailymotion.com\/player\/xgs2h.js\" data-video=\"\"><\/script><\/p>\n","protected":false},"excerpt":{"rendered":"<p>Jack Osbourne, 40, falou abertamente sobre a manh\u00e3 em que seu pai, o cantor Ozzy Osbourne, faleceu. O astro descreveu as \u00faltimas horas de vida do vocalista do Black Sabbath&hellip;<\/p>\n","protected":false},"author":1,"featured_media":1600,"comment_status":"closed","ping_status":"open","sticky":false,"template":"","format":"standard","meta":{"footnotes":""},"categories":[1],"tags":[],"class_list":["post-3687","post","type-post","status-publish","format-standard","has-post-thumbnail","hentry","category-showbiz"],"_links":{"self":[{"href":"https:\/\/bangpremier.com.br\/index.php\/wp-json\/wp\/v2\/posts\/3687","targetHints":{"allow":["GET"]}}],"collection":[{"href":"https:\/\/bangpremier.com.br\/index.php\/wp-json\/wp\/v2\/posts"}],"about":[{"href":"https:\/\/bangpremier.com.br\/index.php\/wp-json\/wp\/v2\/types\/post"}],"author":[{"embeddable":true,"href":"https:\/\/bangpremier.com.br\/index.php\/wp-json\/wp\/v2\/users\/1"}],"replies":[{"embeddable":true,"href":"https:\/\/bangpremier.com.br\/index.php\/wp-json\/wp\/v2\/comments?post=3687"}],"version-history":[{"count":1,"href":"https:\/\/bangpremier.com.br\/index.php\/wp-json\/wp\/v2\/posts\/3687\/revisions"}],"predecessor-version":[{"id":3688,"href":"https:\/\/bangpremier.com.br\/index.php\/wp-json\/wp\/v2\/posts\/3687\/revisions\/3688"}],"wp:featuredmedia":[{"embeddable":true,"href":"https:\/\/bangpremier.com.br\/index.php\/wp-json\/wp\/v2\/media\/1600"}],"wp:attachment":[{"href":"https:\/\/bangpremier.com.br\/index.php\/wp-json\/wp\/v2\/media?parent=3687"}],"wp:term":[{"taxonomy":"category","embeddable":true,"href":"https:\/\/bangpremier.com.br\/index.php\/wp-json\/wp\/v2\/categories?post=3687"},{"taxonomy":"post_tag","embeddable":true,"href":"https:\/\/bangpremier.com.br\/index.php\/wp-json\/wp\/v2\/tags?post=3687"}],"curies":[{"name":"wp","href":"https:\/\/api.w.org\/{rel}","templated":true}]}}