{"id":3668,"date":"2026-03-05T10:53:16","date_gmt":"2026-03-05T10:53:16","guid":{"rendered":"https:\/\/bangpremier.com.br\/index.php\/2026\/03\/05\/harry-styles-fala-pela-primeira-vez-sobre-morte-de-liam-payne\/"},"modified":"2026-03-05T10:53:18","modified_gmt":"2026-03-05T10:53:18","slug":"harry-styles-fala-pela-primeira-vez-sobre-morte-de-liam-payne","status":"publish","type":"post","link":"https:\/\/bangpremier.com.br\/index.php\/2026\/03\/05\/harry-styles-fala-pela-primeira-vez-sobre-morte-de-liam-payne\/","title":{"rendered":"Harry Styles fala pela primeira vez sobre morte de Liam Payne"},"content":{"rendered":"<p><b><\/b><br \/>\n<BR>Harry Styles, 32, falou publicamente pela primeira vez sobre a morte de seu amigo e ex-colega do One Direction, Liam Payne. O m\u00fasico brit\u00e2nico faleceu aos 31 anos ap\u00f3s cair da varanda de um hotel em Buenos Aires, na Argentina, em outubro de 2024.<BR><br \/>\nEm entrevista sincera ao Apple Music, o astro abriu o cora\u00e7\u00e3o sobre a perda: \u201cFoi um momento realmente importante para mim em termos de olhar para dentro e dizer: \u2018Ok, o que eu quero fazer com a minha vida? Como eu quero viver a minha vida?'&#8221;.<BR><br \/>\n&#8220;Acho que a maior forma de honrar seus amigos que faleceram \u00e9 viver sua vida intensamente. [Liam] era uma pessoa super especial, foi realmente triste.\u201d<BR><br \/>\nO cantor, que integrou a boy band de sucesso ao lado de Liam, Louis Tomlinson, 34, Zayn Malik, 33, e Niall Horan, 32, admitiu que tem \u201cdificuldade\u201d em falar sobre a morte do amigo e em lidar com o luto.<BR><br \/>\n\u201cTenho um pouco de dificuldade at\u00e9 quanto \u00e0 ideia de falar sobre isso. Acho que houve um per\u00edodo, quando ele faleceu, em que realmente tive dificuldade em reconhecer o qu\u00e3o estranho \u00e9 ter pessoas se apropriando de parte do seu luto, de certa forma.&#8221;<BR><br \/>\n&#8220;Eu tenho sentimentos muito fortes em rela\u00e7\u00e3o \u00e0 morte do meu amigo, e ent\u00e3o, de repente, percebo que talvez exista um desejo de outras pessoas de que expresse isso de alguma maneira, caso contr\u00e1rio, significa que n\u00e3o estou sentindo o que estou sentindo.\u201d<BR><br \/>\n\u201c\u00c9 t\u00e3o dif\u00edcil perder um amigo que \u00e9 t\u00e3o parecido com voc\u00ea em tantos aspectos. Algu\u00e9m com o cora\u00e7\u00e3o mais bondoso de todos, que s\u00f3 queria ser incr\u00edvel\u201d, completou.<BR><br \/>\nDois dias depois da morte de Liam, Harry escreveu uma homenagem emocionante para ele, que foi compartilhada no Instagram.<BR><br \/>\n\u201cEstou verdadeiramente devastado com a morte de Liam. Seu maior prazer era fazer outras pessoas felizes, e foi uma honra estar ao lado dele enquanto ele fazia isso. Liam vivia de forma totalmente aberta, com o cora\u00e7\u00e3o como guia, ele tinha uma energia pela vida que era contagiante. Ele era caloroso, solid\u00e1rio e incrivelmente amoroso. Os anos que passamos juntos sempre permanecer\u00e3o entre os mais preciosos da minha vida. Sentirei sua falta para sempre, meu querido amigo.\u201d<br \/>\n<br \/><a href=\"https:\/\/bangpremier.com\/\" target=\"_blank\"> Visit Bang Premier (main website) <\/a><br \/>\n<br \/><script src=\"https:\/\/geo.dailymotion.com\/player\/xgs2h.js\" data-video=\"\"><\/script><\/p>\n","protected":false},"excerpt":{"rendered":"<p>Harry Styles, 32, falou publicamente pela primeira vez sobre a morte de seu amigo e ex-colega do One Direction, Liam Payne. O m\u00fasico brit\u00e2nico faleceu aos 31 anos ap\u00f3s cair&hellip;<\/p>\n","protected":false},"author":1,"featured_media":3669,"comment_status":"closed","ping_status":"open","sticky":false,"template":"","format":"standard","meta":{"footnotes":""},"categories":[1],"tags":[],"class_list":["post-3668","post","type-post","status-publish","format-standard","has-post-thumbnail","hentry","category-showbiz"],"_links":{"self":[{"href":"https:\/\/bangpremier.com.br\/index.php\/wp-json\/wp\/v2\/posts\/3668","targetHints":{"allow":["GET"]}}],"collection":[{"href":"https:\/\/bangpremier.com.br\/index.php\/wp-json\/wp\/v2\/posts"}],"about":[{"href":"https:\/\/bangpremier.com.br\/index.php\/wp-json\/wp\/v2\/types\/post"}],"author":[{"embeddable":true,"href":"https:\/\/bangpremier.com.br\/index.php\/wp-json\/wp\/v2\/users\/1"}],"replies":[{"embeddable":true,"href":"https:\/\/bangpremier.com.br\/index.php\/wp-json\/wp\/v2\/comments?post=3668"}],"version-history":[{"count":1,"href":"https:\/\/bangpremier.com.br\/index.php\/wp-json\/wp\/v2\/posts\/3668\/revisions"}],"predecessor-version":[{"id":3670,"href":"https:\/\/bangpremier.com.br\/index.php\/wp-json\/wp\/v2\/posts\/3668\/revisions\/3670"}],"wp:featuredmedia":[{"embeddable":true,"href":"https:\/\/bangpremier.com.br\/index.php\/wp-json\/wp\/v2\/media\/3669"}],"wp:attachment":[{"href":"https:\/\/bangpremier.com.br\/index.php\/wp-json\/wp\/v2\/media?parent=3668"}],"wp:term":[{"taxonomy":"category","embeddable":true,"href":"https:\/\/bangpremier.com.br\/index.php\/wp-json\/wp\/v2\/categories?post=3668"},{"taxonomy":"post_tag","embeddable":true,"href":"https:\/\/bangpremier.com.br\/index.php\/wp-json\/wp\/v2\/tags?post=3668"}],"curies":[{"name":"wp","href":"https:\/\/api.w.org\/{rel}","templated":true}]}}