{"id":3524,"date":"2026-02-18T16:48:12","date_gmt":"2026-02-18T16:48:12","guid":{"rendered":"https:\/\/bangpremier.com.br\/index.php\/2026\/02\/18\/principe-william-admite-lutar-para-entender-as-proprias-emocoes\/"},"modified":"2026-02-18T16:48:13","modified_gmt":"2026-02-18T16:48:13","slug":"principe-william-admite-lutar-para-entender-as-proprias-emocoes","status":"publish","type":"post","link":"https:\/\/bangpremier.com.br\/index.php\/2026\/02\/18\/principe-william-admite-lutar-para-entender-as-proprias-emocoes\/","title":{"rendered":"Pr\u00edncipe William admite lutar para entender as pr\u00f3prias emo\u00e7\u00f5es"},"content":{"rendered":"<p><b><\/b><br \/>\n<BR>O pr\u00edncipe William, 43, afirmou que tem se dedicado a compreender as pr\u00f3prias emo\u00e7\u00f5es. O herdeiro do trono brit\u00e2nico participou de uma edi\u00e7\u00e3o especial do programa Life Hacks, da BBC Radio 1, voltada \u00e0 discuss\u00e3o sobre sa\u00fade mental e preven\u00e7\u00e3o ao suic\u00eddio, e disse acreditar que mais homens deveriam falar publicamente sobre vulnerabilidade.<BR><br \/>\n&#8220;Eu passo bastante tempo tentando entender minhas emo\u00e7\u00f5es e por que me sinto da maneira que me sinto. \u00c0s vezes h\u00e1 uma explica\u00e7\u00e3o \u00f3bvia, \u00e0s vezes n\u00e3o h\u00e1. Acho que essa ideia de que uma crise de sa\u00fade mental \u00e9 tempor\u00e1ria \u00e9 importante. Voc\u00ea pode ter um momento de crise forte, mas ele vai passar&#8221;, come\u00e7ou ele.<BR><br \/>\nA conversa, conduzida pelo apresentador Greg James, abordou o n\u00famero no aumento de casos de suic\u00eddio entre homens. O pr\u00edncipe de Gales argumentou que o estigma em torno da sa\u00fade emocional ainda impede que muitos procurem ajuda.<BR><br \/>\n&#8220;Precisamos de mais exemplos masculinos falando sobre isso e normalizando o assunto, para que se torne algo natural para todos n\u00f3s&#8221;, declarou.<BR><br \/>\nA sa\u00fade mental \u00e9 uma das principais frentes do trabalho filantr\u00f3pico do filho do rei Charles III. Por meio da Royal Foundation, organiza\u00e7\u00e3o que lidera, o pr\u00edncipe anunciou \u00a31 milh\u00e3o [cerca de R$ 7 milh\u00f5es] para o desenvolvimento de uma rede de preven\u00e7\u00e3o ao suic\u00eddio no Reino Unido. A iniciativa tem como objetivo fortalecer o acesso a atendimento para pessoas em crise.<BR><br \/>\nDurante o debate, William &#8211; pai do pr\u00edncipe George, 12, da princesa Charlotte, 10, e do pr\u00edncipe Louis, 7, de seu casamento com Kate Middleton, 44 &#8211; incentivou os ouvintes a buscarem o autoconhecimento.<BR><br \/>\n&#8220;Aprendam a amar a si mesmos e a se compreender\u201d, afirmou, acrescentando que informa\u00e7\u00e3o e conscientiza\u00e7\u00e3o funcionam como uma prote\u00e7\u00e3o em per\u00edodos dif\u00edceis.<BR><br \/>\nO nobre elogiou o trabalho das organiza\u00e7\u00f5es que atuam na linha de frente do atendimento, dizendo que elas funcionam como uma \u201cponte\u201d para quem enfrenta dificuldades emocionais.<BR><br \/>\nAo encerrar, o pr\u00edncipe disse ter esperan\u00e7a de que o di\u00e1logo ajude a reduzir casos de suic\u00eddio. &#8220;Esperamos que a ideia do suic\u00eddio v\u00e1 sendo cada vez mais afastada. Porque voc\u00ea sabe que amanh\u00e3 pode acordar e se sentir de outra forma.&#8221;<br \/>\n<br \/><a href=\"https:\/\/bangpremier.com\/\" target=\"_blank\"> Visit Bang Premier (main website) <\/a><br \/>\n<br \/><script src=\"https:\/\/geo.dailymotion.com\/player\/xgs2h.js\" data-video=\"\"><\/script><\/p>\n","protected":false},"excerpt":{"rendered":"<p>O pr\u00edncipe William, 43, afirmou que tem se dedicado a compreender as pr\u00f3prias emo\u00e7\u00f5es. O herdeiro do trono brit\u00e2nico participou de uma edi\u00e7\u00e3o especial do programa Life Hacks, da BBC&hellip;<\/p>\n","protected":false},"author":1,"featured_media":2169,"comment_status":"closed","ping_status":"open","sticky":false,"template":"","format":"standard","meta":{"footnotes":""},"categories":[1],"tags":[],"class_list":["post-3524","post","type-post","status-publish","format-standard","has-post-thumbnail","hentry","category-showbiz"],"_links":{"self":[{"href":"https:\/\/bangpremier.com.br\/index.php\/wp-json\/wp\/v2\/posts\/3524","targetHints":{"allow":["GET"]}}],"collection":[{"href":"https:\/\/bangpremier.com.br\/index.php\/wp-json\/wp\/v2\/posts"}],"about":[{"href":"https:\/\/bangpremier.com.br\/index.php\/wp-json\/wp\/v2\/types\/post"}],"author":[{"embeddable":true,"href":"https:\/\/bangpremier.com.br\/index.php\/wp-json\/wp\/v2\/users\/1"}],"replies":[{"embeddable":true,"href":"https:\/\/bangpremier.com.br\/index.php\/wp-json\/wp\/v2\/comments?post=3524"}],"version-history":[{"count":1,"href":"https:\/\/bangpremier.com.br\/index.php\/wp-json\/wp\/v2\/posts\/3524\/revisions"}],"predecessor-version":[{"id":3525,"href":"https:\/\/bangpremier.com.br\/index.php\/wp-json\/wp\/v2\/posts\/3524\/revisions\/3525"}],"wp:featuredmedia":[{"embeddable":true,"href":"https:\/\/bangpremier.com.br\/index.php\/wp-json\/wp\/v2\/media\/2169"}],"wp:attachment":[{"href":"https:\/\/bangpremier.com.br\/index.php\/wp-json\/wp\/v2\/media?parent=3524"}],"wp:term":[{"taxonomy":"category","embeddable":true,"href":"https:\/\/bangpremier.com.br\/index.php\/wp-json\/wp\/v2\/categories?post=3524"},{"taxonomy":"post_tag","embeddable":true,"href":"https:\/\/bangpremier.com.br\/index.php\/wp-json\/wp\/v2\/tags?post=3524"}],"curies":[{"name":"wp","href":"https:\/\/api.w.org\/{rel}","templated":true}]}}