{"id":350,"date":"2024-10-16T13:54:10","date_gmt":"2024-10-16T13:54:10","guid":{"rendered":"https:\/\/bangpremier.com.br\/index.php\/2024\/05\/16\/adriane-galisteu-brinca-sobre-desejo-de-aumentar-familia-aos-51-anos-vou-dar-o-golpe-da-barriga\/"},"modified":"2024-10-16T13:54:10","modified_gmt":"2024-10-16T13:54:10","slug":"adriane-galisteu-brinca-sobre-desejo-de-aumentar-familia-aos-51-anos-vou-dar-o-golpe-da-barriga","status":"publish","type":"post","link":"https:\/\/bangpremier.com.br\/index.php\/2024\/10\/16\/adriane-galisteu-brinca-sobre-desejo-de-aumentar-familia-aos-51-anos-vou-dar-o-golpe-da-barriga\/","title":{"rendered":"Adriane Galisteu brinca sobre desejo de aumentar fam\u00edlia aos 51 anos: &#039;Vou dar o golpe da barriga?&#039;"},"content":{"rendered":"<p><b>2024-05-16 08:20:25<\/b><br \/>\n<BR>Adriane Galisteu compartilhou seu desejo de aumentar sua fam\u00edlia.\u00a0<BR><br \/>\nA apresentadora, de 51 anos, j\u00e1 \u00e9 m\u00e3e de Vittorio, de 13 anos,\u00a0fruto de seu casamento\u00a0com\u00a0Alexandre I\u00f3dice, e admitiu seu arrependimento por n\u00e3o ter tido mais filhos. <BR><br \/>\nEm entrevista ao\u00a0Programa do\u00a0Jo\u00e3o, comandado por Jo\u00e3o\u00a0Silva, a estrela elogiou a atriz\u00a0Claudia Raia, que se tornou m\u00e3e novamente aos 55 anos.<BR><br \/>\n&#8220;A \u00fanica coisa que lamento \u00e9 n\u00e3o ter tido outro. Isso \u00e9 uma coisa que eu fico pegando no p\u00e9 do\u00a0Alexandre.\u00a0Claudia Raia \u00e9 minha refer\u00eancia total. O problema \u00e9 que meu marido n\u00e3o quer. Ent\u00e3o, eu tenho que ver o tamanho da encrenca que eu quero arrumar em casa. Se eu vou for\u00e7ar, dar o golpe da barriga&#8230;&#8221;, brincou a beldade.<BR><br \/>\nApesar de ser dona de uma carreira de sucesso, a artista confessou que sua grande realiza\u00e7\u00e3o \u00e9 a maternidade.<BR><br \/>\n&#8220;Meu melhor papel \u00e9 o de m\u00e3e. Meu filho encheu minha vida de raz\u00e3o e de alegria (&#8230;). Eu sei que tenho uma agenda dif\u00edcil, mas sou a m\u00e3e que sempre quer pegar, abra\u00e7ar, estar junto&#8221;, disse.<br \/>\n<br \/><a href=\"https:\/\/bangpremier.com\/\" target=\"_blank\" rel=\"noopener\"> Visit Bang Premier (main website) <\/a><\/p>\n","protected":false},"excerpt":{"rendered":"<p>2024-05-16 08:20:25 Adriane Galisteu compartilhou seu desejo de aumentar sua fam\u00edlia.\u00a0 A apresentadora, de 51 anos, j\u00e1 \u00e9 m\u00e3e de Vittorio, de 13 anos,\u00a0fruto de seu casamento\u00a0com\u00a0Alexandre I\u00f3dice, e admitiu&hellip;<\/p>\n","protected":false},"author":1,"featured_media":351,"comment_status":"closed","ping_status":"open","sticky":false,"template":"","format":"standard","meta":{"footnotes":""},"categories":[1],"tags":[],"class_list":["post-350","post","type-post","status-publish","format-standard","has-post-thumbnail","hentry","category-showbiz"],"_links":{"self":[{"href":"https:\/\/bangpremier.com.br\/index.php\/wp-json\/wp\/v2\/posts\/350","targetHints":{"allow":["GET"]}}],"collection":[{"href":"https:\/\/bangpremier.com.br\/index.php\/wp-json\/wp\/v2\/posts"}],"about":[{"href":"https:\/\/bangpremier.com.br\/index.php\/wp-json\/wp\/v2\/types\/post"}],"author":[{"embeddable":true,"href":"https:\/\/bangpremier.com.br\/index.php\/wp-json\/wp\/v2\/users\/1"}],"replies":[{"embeddable":true,"href":"https:\/\/bangpremier.com.br\/index.php\/wp-json\/wp\/v2\/comments?post=350"}],"version-history":[{"count":1,"href":"https:\/\/bangpremier.com.br\/index.php\/wp-json\/wp\/v2\/posts\/350\/revisions"}],"predecessor-version":[{"id":352,"href":"https:\/\/bangpremier.com.br\/index.php\/wp-json\/wp\/v2\/posts\/350\/revisions\/352"}],"wp:featuredmedia":[{"embeddable":true,"href":"https:\/\/bangpremier.com.br\/index.php\/wp-json\/wp\/v2\/media\/351"}],"wp:attachment":[{"href":"https:\/\/bangpremier.com.br\/index.php\/wp-json\/wp\/v2\/media?parent=350"}],"wp:term":[{"taxonomy":"category","embeddable":true,"href":"https:\/\/bangpremier.com.br\/index.php\/wp-json\/wp\/v2\/categories?post=350"},{"taxonomy":"post_tag","embeddable":true,"href":"https:\/\/bangpremier.com.br\/index.php\/wp-json\/wp\/v2\/tags?post=350"}],"curies":[{"name":"wp","href":"https:\/\/api.w.org\/{rel}","templated":true}]}}