{"id":341,"date":"2024-10-16T13:54:10","date_gmt":"2024-10-16T13:54:10","guid":{"rendered":"https:\/\/bangpremier.com.br\/index.php\/2024\/05\/15\/status-de-inadimplencia-da-fundacao-de-harry-e-meghan-e-atualizado-em-situacao-regular\/"},"modified":"2024-10-16T13:54:10","modified_gmt":"2024-10-16T13:54:10","slug":"status-de-inadimplencia-da-fundacao-de-harry-e-meghan-e-atualizado-em-situacao-regular","status":"publish","type":"post","link":"https:\/\/bangpremier.com.br\/index.php\/2024\/10\/16\/status-de-inadimplencia-da-fundacao-de-harry-e-meghan-e-atualizado-em-situacao-regular\/","title":{"rendered":"Status de &quot;inadimpl\u00eancia&quot; da funda\u00e7\u00e3o de Harry e Meghan \u00e9 atualizado: &quot;Em situa\u00e7\u00e3o regular&quot;"},"content":{"rendered":"<p><b>2024-05-15 11:45:28<\/b><br \/>\n<BR>A notifica\u00e7\u00e3o de inadimpl\u00eancia emitida para a institui\u00e7\u00e3o de caridade do pr\u00edncipe Harry e Meghan Markle foi removida.<BR><br \/>\n<BR><br \/>\nA Funda\u00e7\u00e3o Archewell, criada pelo Duque e pela Duquesa de Sussex, recebeu uma advert\u00eancia do procurador-geral da Calif\u00f3rnia no in\u00edcio desta semana, alertando sobre poss\u00edveis multas ou suspens\u00e3o do registro de institui\u00e7\u00f5es de caridade do estado devido a impostos n\u00e3o pagos. No entanto, a pend\u00eancia parece ter sido resolvida.<BR><br \/>\n<BR><br \/>\nEm um comunicado divulgado na noite de ter\u00e7a-feira (14), o Departamento de Justi\u00e7a da Calif\u00f3rnia confirmou que a notifica\u00e7\u00e3o de inadimpl\u00eancia foi retirada e que a Funda\u00e7\u00e3o Archewell est\u00e1 em situa\u00e7\u00e3o regular.<BR><br \/>\n<BR><br \/>\n&#8220;Investigamos diligentemente a conjuntura e podemos confirmar que a Funda\u00e7\u00e3o Archewell continua totalmente compat\u00edvel e em situa\u00e7\u00e3o regular. Os pagamentos pendentes foram feitos prontamente e seguindo as diretrizes do governo. Al\u00e9m disso, toda a documenta\u00e7\u00e3o necess\u00e1ria foi enviada pela Funda\u00e7\u00e3o sem erro ou m\u00e1 conduta&#8221;, explicou um porta-voz da institui\u00e7\u00e3o.<BR><br \/>\n<BR><br \/>\nFontes informaram ao jornal brit\u00e2nico Daily Telegraph que Harry e Meghan n\u00e3o estavam cientes do problema at\u00e9 receberem o aviso, no dia 3 de maio. Inicialmente, eles presumiram que um cheque de US$ 200 havia sido extraviado, mas posteriormente rastrearam o envio e encontraram confirma\u00e7\u00e3o de recebimento, logo, acreditam que simplesmente n\u00e3o foi processado.<BR><br \/>\n<BR><br \/>\nAnteriormente, um documento do procurador-geral da Calif\u00f3rnia, Rob Bonta, apresentado em nome do Registro de Institui\u00e7\u00f5es de Caridade e Angaria\u00e7\u00e3o de Fundos da Calif\u00f3rnia \u00e0 Funda\u00e7\u00e3o Archewell, listava a institui\u00e7\u00e3o de caridade como &#8220;inadimplente&#8221; por n\u00e3o apresentar &#8220;relat\u00f3rios anuais exigidos e \/ou pagamentos de renova\u00e7\u00e3o da licen\u00e7a&#8221;.<br \/>\n<br \/><a href=\"https:\/\/bangpremier.com\/\" target=\"_blank\" rel=\"noopener\"> Visit Bang Premier (main website) <\/a><\/p>\n","protected":false},"excerpt":{"rendered":"<p>2024-05-15 11:45:28 A notifica\u00e7\u00e3o de inadimpl\u00eancia emitida para a institui\u00e7\u00e3o de caridade do pr\u00edncipe Harry e Meghan Markle foi removida. A Funda\u00e7\u00e3o Archewell, criada pelo Duque e pela Duquesa de&hellip;<\/p>\n","protected":false},"author":1,"featured_media":342,"comment_status":"closed","ping_status":"open","sticky":false,"template":"","format":"standard","meta":{"footnotes":""},"categories":[1],"tags":[],"class_list":["post-341","post","type-post","status-publish","format-standard","has-post-thumbnail","hentry","category-showbiz"],"_links":{"self":[{"href":"https:\/\/bangpremier.com.br\/index.php\/wp-json\/wp\/v2\/posts\/341","targetHints":{"allow":["GET"]}}],"collection":[{"href":"https:\/\/bangpremier.com.br\/index.php\/wp-json\/wp\/v2\/posts"}],"about":[{"href":"https:\/\/bangpremier.com.br\/index.php\/wp-json\/wp\/v2\/types\/post"}],"author":[{"embeddable":true,"href":"https:\/\/bangpremier.com.br\/index.php\/wp-json\/wp\/v2\/users\/1"}],"replies":[{"embeddable":true,"href":"https:\/\/bangpremier.com.br\/index.php\/wp-json\/wp\/v2\/comments?post=341"}],"version-history":[{"count":1,"href":"https:\/\/bangpremier.com.br\/index.php\/wp-json\/wp\/v2\/posts\/341\/revisions"}],"predecessor-version":[{"id":343,"href":"https:\/\/bangpremier.com.br\/index.php\/wp-json\/wp\/v2\/posts\/341\/revisions\/343"}],"wp:featuredmedia":[{"embeddable":true,"href":"https:\/\/bangpremier.com.br\/index.php\/wp-json\/wp\/v2\/media\/342"}],"wp:attachment":[{"href":"https:\/\/bangpremier.com.br\/index.php\/wp-json\/wp\/v2\/media?parent=341"}],"wp:term":[{"taxonomy":"category","embeddable":true,"href":"https:\/\/bangpremier.com.br\/index.php\/wp-json\/wp\/v2\/categories?post=341"},{"taxonomy":"post_tag","embeddable":true,"href":"https:\/\/bangpremier.com.br\/index.php\/wp-json\/wp\/v2\/tags?post=341"}],"curies":[{"name":"wp","href":"https:\/\/api.w.org\/{rel}","templated":true}]}}