{"id":3372,"date":"2026-02-02T10:23:52","date_gmt":"2026-02-02T10:23:52","guid":{"rendered":"https:\/\/bangpremier.com.br\/index.php\/2026\/02\/02\/ninguem-e-ilegal-em-terras-roubadas-dispara-billie-eilish-no-grammy\/"},"modified":"2026-02-02T10:23:54","modified_gmt":"2026-02-02T10:23:54","slug":"ninguem-e-ilegal-em-terras-roubadas-dispara-billie-eilish-no-grammy","status":"publish","type":"post","link":"https:\/\/bangpremier.com.br\/index.php\/2026\/02\/02\/ninguem-e-ilegal-em-terras-roubadas-dispara-billie-eilish-no-grammy\/","title":{"rendered":"&#039;Ningu\u00e9m \u00e9 ilegal em terras roubadas&#039;, dispara Billie Eilish no Grammy"},"content":{"rendered":"<p><b><\/b><br \/>\n<BR>A cantora Billie Eilish, 24, fez um apelo por a\u00e7\u00e3o coletiva ao receber o Grammy de Can\u00e7\u00e3o do Ano, na noite de domingo (1\u00ba), em Los Angeles, em meio ao aumento das tens\u00f5es pol\u00edticas nos Estados Unidos.<BR><br \/>\nA artista subiu ao palco da cerim\u00f4nia ao lado do irm\u00e3o e parceiro musical, Finneas O&#8217;Connell, e aproveitou o discurso para pedir mobiliza\u00e7\u00e3o. Billie venceu a principal categoria com a m\u00fasica &#8220;Wildflower&#8221;.<BR><br \/>\n&#8220;Por mais grata que eu me sinta, sinceramente n\u00e3o acho que eu precise dizer nada al\u00e9m de que ningu\u00e9m \u00e9 ilegal em terras roubadas&#8221;, disparou ela ao p\u00fablico reunido na Crypto.com Arena.<BR><br \/>\nEm seguida, a estrela acrescentou: &#8220;\u00c9 muito dif\u00edcil saber o que dizer e o que fazer neste momento, e eu me sinto realmente esperan\u00e7osa neste ambiente. Sinto que precisamos continuar lutando, falando, protestando. As nossas vozes fazem a diferen\u00e7a, e as pessoas importam&#8221;.<BR><br \/>\nDurante a transmiss\u00e3o ao vivo da premia\u00e7\u00e3o, trechos do discurso foram abafados por censura sonora. Ainda assim, foi poss\u00edvel ouvir Billie endurecendo o tom com o Servi\u00e7o de Imigra\u00e7\u00e3o e Controle de Alf\u00e2ndegas dos Estados Unidos (ICE, na sigla em ingl\u00eas). &#8220;E f***-se ICE &#8211; \u00e9 s\u00f3 isso que eu vou dizer. Desculpa.&#8221;<BR><br \/>\nN\u00e3o \u00e9 a primeira vez que a cantora se manifesta publicamente sobre as pol\u00edticas de imigra\u00e7\u00e3o do governo do presidente Donald Trump, 79. Recentemente, ao receber um pr\u00eamio por sua atua\u00e7\u00e3o em defesa da justi\u00e7a ambiental, a artista condenou as medidas do republicano.<BR><br \/>\n&#8220;Para ser sincera, eu realmente n\u00e3o acho que mere\u00e7a isso. \u00c9 muito estranho ser celebrada por trabalhar pela justi\u00e7a ambiental em um momento em que ela parece mais distante do que nunca, considerando o estado do nosso pa\u00eds e do mundo agora&#8221;.<BR><br \/>\nA cantora completou com cr\u00edticas \u00e0 conjuntura social: &#8220;Estamos vendo nossos vizinhos sendo sequestrados, manifestantes pac\u00edficos sendo agredidos e mortos, nossos direitos civis sendo retirados, recursos para combater a crise clim\u00e1tica sendo cortados em favor dos combust\u00edveis f\u00f3sseis e a agropecu\u00e1ria destruindo o planeta, enquanto o acesso \u00e0 comida e \u00e0 sa\u00fade se torna um privil\u00e9gio dos ricos, e n\u00e3o um direito humano b\u00e1sico para todos os americanos.&#8221;<br \/>\n<br \/><a href=\"https:\/\/bangpremier.com\/\" target=\"_blank\"> Visit Bang Premier (main website) <\/a><br \/>\n<br \/><script src=\"https:\/\/geo.dailymotion.com\/player\/xgs2h.js\" data-video=\"\"><\/script><\/p>\n","protected":false},"excerpt":{"rendered":"<p>A cantora Billie Eilish, 24, fez um apelo por a\u00e7\u00e3o coletiva ao receber o Grammy de Can\u00e7\u00e3o do Ano, na noite de domingo (1\u00ba), em Los Angeles, em meio ao&hellip;<\/p>\n","protected":false},"author":1,"featured_media":3373,"comment_status":"closed","ping_status":"open","sticky":false,"template":"","format":"standard","meta":{"footnotes":""},"categories":[1],"tags":[],"class_list":["post-3372","post","type-post","status-publish","format-standard","has-post-thumbnail","hentry","category-showbiz"],"_links":{"self":[{"href":"https:\/\/bangpremier.com.br\/index.php\/wp-json\/wp\/v2\/posts\/3372","targetHints":{"allow":["GET"]}}],"collection":[{"href":"https:\/\/bangpremier.com.br\/index.php\/wp-json\/wp\/v2\/posts"}],"about":[{"href":"https:\/\/bangpremier.com.br\/index.php\/wp-json\/wp\/v2\/types\/post"}],"author":[{"embeddable":true,"href":"https:\/\/bangpremier.com.br\/index.php\/wp-json\/wp\/v2\/users\/1"}],"replies":[{"embeddable":true,"href":"https:\/\/bangpremier.com.br\/index.php\/wp-json\/wp\/v2\/comments?post=3372"}],"version-history":[{"count":1,"href":"https:\/\/bangpremier.com.br\/index.php\/wp-json\/wp\/v2\/posts\/3372\/revisions"}],"predecessor-version":[{"id":3374,"href":"https:\/\/bangpremier.com.br\/index.php\/wp-json\/wp\/v2\/posts\/3372\/revisions\/3374"}],"wp:featuredmedia":[{"embeddable":true,"href":"https:\/\/bangpremier.com.br\/index.php\/wp-json\/wp\/v2\/media\/3373"}],"wp:attachment":[{"href":"https:\/\/bangpremier.com.br\/index.php\/wp-json\/wp\/v2\/media?parent=3372"}],"wp:term":[{"taxonomy":"category","embeddable":true,"href":"https:\/\/bangpremier.com.br\/index.php\/wp-json\/wp\/v2\/categories?post=3372"},{"taxonomy":"post_tag","embeddable":true,"href":"https:\/\/bangpremier.com.br\/index.php\/wp-json\/wp\/v2\/tags?post=3372"}],"curies":[{"name":"wp","href":"https:\/\/api.w.org\/{rel}","templated":true}]}}