{"id":3284,"date":"2026-01-22T10:30:36","date_gmt":"2026-01-22T10:30:36","guid":{"rendered":"https:\/\/bangpremier.com.br\/index.php\/2026\/01\/22\/michelle-obama-lamenta-foco-em-sua-aparencia-durante-periodo-como-primeira-dama\/"},"modified":"2026-01-22T10:30:37","modified_gmt":"2026-01-22T10:30:37","slug":"michelle-obama-lamenta-foco-em-sua-aparencia-durante-periodo-como-primeira-dama","status":"publish","type":"post","link":"https:\/\/bangpremier.com.br\/index.php\/2026\/01\/22\/michelle-obama-lamenta-foco-em-sua-aparencia-durante-periodo-como-primeira-dama\/","title":{"rendered":"Michelle Obama lamenta foco em sua apar\u00eancia durante per\u00edodo como primeira-dama"},"content":{"rendered":"<p><b><\/b><br \/>\n<BR>Michelle Obama, 62, desabafou sobre como o p\u00fablico e a imprensa priorizavam falar sobre sua apar\u00eancia f\u00edsica em detrimento de suas realiza\u00e7\u00f5es profissionais na \u00e9poca em que foi primeira-dama dos Estados Unidos.<BR><br \/>\nAdvogada e escritora, Michelle relembrou que as cr\u00edticas se tornaram constantes durante seu per\u00edodo na Casa Branca, entre 2008 e 2016, ao lado do marido, o ex-presidente Barack Obama, e das filhas do casal, Sasha e Malia.<BR><br \/>\nEm participa\u00e7\u00e3o no podcast Call Her Daddy, a autora comentou sobre o discurso da \u00e9poca. &#8220;As mat\u00e9rias eram sempre sobre o que eu estava vestindo, n\u00e3o minha educa\u00e7\u00e3o, n\u00e3o minha carreira profissional &#8211; eram sempre sobre minha apar\u00eancia. Ficava claro que eles n\u00e3o sabiam nada sobre o que eu fazia antes de virar primeira-dama&#8221;.<BR><br \/>\nFormada pela Universidade de Princeton e com doutorado em Direito pela Universidade de Harvard, Michelle falou sobre seu curr\u00edculo antes de se tornar uma figura p\u00fablica global.<BR><br \/>\n&#8220;Eu exercia a advocacia. Fui assistente do prefeito em Chicago. Dirigi uma organiza\u00e7\u00e3o sem fins lucrativos. Por\u00e9m, de uma hora para outra, meus sapatos se tornam a coisa mais importante sobre mim&#8221;, lamentou.<BR><br \/>\nA ex-primeira-dama disse acreditar que \u00e9 necess\u00e1rio fazer um esfor\u00e7o consciente para mudar essa realidade.<BR><br \/>\n&#8220;Temos que pensar muito mais, para encontrar esse equil\u00edbrio e ser atenciosos sobre quais mensagens estamos enviando e recebendo. Quando voc\u00ea conquista o poder, quando voc\u00ea \u00e9 a chefe, quando est\u00e1 administrando seu pr\u00f3prio neg\u00f3cio, n\u00e3o devemos apenas nos tornar vers\u00f5es femininas do antigo padr\u00e3o. Voc\u00ea est\u00e1 construindo o mundo que disse \u00e0 sua filhinha que existia?&#8221;, questionou.<BR><br \/>\nApesar de sua influ\u00eancia, ela repetiu sua vis\u00e3o de que parte do eleitorado americano ainda n\u00e3o est\u00e1 pronto para uma presidente mulher, pedindo que o p\u00fablico encare a realidade sem hipocrisia.<BR><br \/>\n&#8220;Existem homens por a\u00ed que n\u00e3o votariam em uma mulher. Vamos ser realistas sobre isso, vamos colocar as cartas na mesa e conversar sobre, bem, do que se trata isso? N\u00e3o fiquem bravos porque eu fiz essa afirma\u00e7\u00e3o&#8221;, concluiu.<br \/>\n<br \/><a href=\"https:\/\/bangpremier.com\/\" target=\"_blank\"> Visit Bang Premier (main website) <\/a><br \/>\n<br \/><script src=\"https:\/\/geo.dailymotion.com\/player\/xgs2h.js\" data-video=\"\"><\/script><\/p>\n","protected":false},"excerpt":{"rendered":"<p>Michelle Obama, 62, desabafou sobre como o p\u00fablico e a imprensa priorizavam falar sobre sua apar\u00eancia f\u00edsica em detrimento de suas realiza\u00e7\u00f5es profissionais na \u00e9poca em que foi primeira-dama dos&hellip;<\/p>\n","protected":false},"author":1,"featured_media":2160,"comment_status":"closed","ping_status":"open","sticky":false,"template":"","format":"standard","meta":{"footnotes":""},"categories":[1],"tags":[],"class_list":["post-3284","post","type-post","status-publish","format-standard","has-post-thumbnail","hentry","category-showbiz"],"_links":{"self":[{"href":"https:\/\/bangpremier.com.br\/index.php\/wp-json\/wp\/v2\/posts\/3284","targetHints":{"allow":["GET"]}}],"collection":[{"href":"https:\/\/bangpremier.com.br\/index.php\/wp-json\/wp\/v2\/posts"}],"about":[{"href":"https:\/\/bangpremier.com.br\/index.php\/wp-json\/wp\/v2\/types\/post"}],"author":[{"embeddable":true,"href":"https:\/\/bangpremier.com.br\/index.php\/wp-json\/wp\/v2\/users\/1"}],"replies":[{"embeddable":true,"href":"https:\/\/bangpremier.com.br\/index.php\/wp-json\/wp\/v2\/comments?post=3284"}],"version-history":[{"count":1,"href":"https:\/\/bangpremier.com.br\/index.php\/wp-json\/wp\/v2\/posts\/3284\/revisions"}],"predecessor-version":[{"id":3285,"href":"https:\/\/bangpremier.com.br\/index.php\/wp-json\/wp\/v2\/posts\/3284\/revisions\/3285"}],"wp:featuredmedia":[{"embeddable":true,"href":"https:\/\/bangpremier.com.br\/index.php\/wp-json\/wp\/v2\/media\/2160"}],"wp:attachment":[{"href":"https:\/\/bangpremier.com.br\/index.php\/wp-json\/wp\/v2\/media?parent=3284"}],"wp:term":[{"taxonomy":"category","embeddable":true,"href":"https:\/\/bangpremier.com.br\/index.php\/wp-json\/wp\/v2\/categories?post=3284"},{"taxonomy":"post_tag","embeddable":true,"href":"https:\/\/bangpremier.com.br\/index.php\/wp-json\/wp\/v2\/tags?post=3284"}],"curies":[{"name":"wp","href":"https:\/\/api.w.org\/{rel}","templated":true}]}}