{"id":3282,"date":"2026-01-22T10:01:09","date_gmt":"2026-01-22T10:01:09","guid":{"rendered":"https:\/\/bangpremier.com.br\/index.php\/2026\/01\/22\/billie-eilish-detona-politicas-de-imigracao-dos-eua-ao-receber-premio\/"},"modified":"2026-01-22T10:01:10","modified_gmt":"2026-01-22T10:01:10","slug":"billie-eilish-detona-politicas-de-imigracao-dos-eua-ao-receber-premio","status":"publish","type":"post","link":"https:\/\/bangpremier.com.br\/index.php\/2026\/01\/22\/billie-eilish-detona-politicas-de-imigracao-dos-eua-ao-receber-premio\/","title":{"rendered":"Billie Eilish detona pol\u00edticas de imigra\u00e7\u00e3o dos EUA ao receber pr\u00eamio"},"content":{"rendered":"<p><b><\/b><br \/>\n<BR>A cantora Billie Eilish, 24, fez duras cr\u00edticas ao Servi\u00e7o de Imigra\u00e7\u00e3o e Controle de Alf\u00e2ndegas dos Estados Unidos (ICE, na sigla em ingl\u00eas) ao receber um pr\u00eamio por sua atua\u00e7\u00e3o em causas ambientais. A artista foi homenageada no \u00faltimo fim de semana, em Atlanta, com o MLK Jr. Beloved Community Environmental Justice Award, e aproveitou o momento do discurso para condenar as pol\u00edticas de imigra\u00e7\u00e3o, que foram endurecidas no governo do presidente Donald Trump, 79.<BR><br \/>\nDurante a cerim\u00f4nia, Billie afirmou que n\u00e3o se sentia merecedora da honraria. &#8220;Para ser honesta, eu realmente n\u00e3o acho que mere\u00e7a isso. \u00c9 muito estranho ser celebrada por trabalhar pela justi\u00e7a ambiental em um momento em que ela parece mais distante do que nunca, considerando o estado do nosso pa\u00eds e do mundo agora&#8221;.<BR><br \/>\nA estrela disparou: &#8220;Estamos vendo nossos vizinhos sendo sequestrados, manifestantes pac\u00edficos sendo agredidos e mortos, nossos direitos civis sendo retirados, recursos para combater a crise clim\u00e1tica sendo cortados em favor dos combust\u00edveis f\u00f3sseis e a agropecu\u00e1ria destruindo o planeta, enquanto o acesso \u00e0 comida e \u00e0 sa\u00fade se torna um privil\u00e9gio dos ricos, e n\u00e3o um direito humano b\u00e1sico para todos os americanos.&#8221;<BR><br \/>\nBillie acrescentou que a postura do governo deixa claro que o meio ambiente n\u00e3o \u00e9 uma prioridade. <BR><br \/>\n&#8220;\u00c9 muito evidente que proteger o planeta n\u00e3o \u00e9 uma prioridade desta administra\u00e7\u00e3o. E \u00e9 realmente dif\u00edcil comemorar qualquer coisa quando j\u00e1 n\u00e3o nos sentimos seguros nem dentro de casa, nem nas ruas&#8221;, completou.<BR><br \/>\nApesar do tom cr\u00edtico, a cantora declarou ter se sentido mais esperan\u00e7osa com o esp\u00edrito do evento, inspirado no legado do ativista Martin Luther King Jr.<BR><br \/>\n&#8220;Fiquei profundamente inspirada por todas as hist\u00f3rias, pelos outros homenageados e por todas as pessoas nesta sala. Sou muito grata \u00e0 enorme comunidade que age guiada pela mensagem do dr. King&#8221;, afirmou.<BR><br \/>\nA vencedora do Grammy tamb\u00e9m aproveitou o momento para agradecer pela maneira como foi ensinada por sua fam\u00edlia.<BR><br \/>\n&#8220;Quero agradecer \u00e0 minha m\u00e3e &#8211; aos meus pais &#8211; por terem me criado da forma que fizeram. Eu n\u00e3o estaria fazendo nada disso sem voc\u00ea, m\u00e3e&#8221;, finalizou.<BR><br \/>\nNo in\u00edcio do m\u00eas, a cantora compartilhou publica\u00e7\u00f5es em seus Stories no Instagram chamando o ICE de &#8220;grupo terrorista&#8221;, ap\u00f3s a morte de Renee Good durante uma opera\u00e7\u00e3o em Minneapolis.<BR><br \/>\nAs postagens geraram cr\u00edticas do Departamento de Seguran\u00e7a Interna dos Estados Unidos, o DHS.<BR><br \/>\nA secret\u00e1ria-assistente do \u00f3rg\u00e3o, Tricia McLaughlin, rebateu as declara\u00e7\u00f5es. &#8220;O ICE n\u00e3o separa fam\u00edlias. Os pais s\u00e3o questionados se desejam ser separados de seus filhos ou se preferem que as crian\u00e7as fiquem com uma pessoa de confian\u00e7a indicada por eles. Isso \u00e9 coerente com a pol\u00edtica de imigra\u00e7\u00e3o de administra\u00e7\u00f5es anteriores&#8221;, afirmou a representante em nota.<BR><br \/>\nA representante do governo ainda acusou a cantora de alimentar ataques contra agentes. &#8220;\u00c9 esse tipo de discurso irrespons\u00e1vel, vindo de pessoas como Billie Eilish, que est\u00e1 levando a um aumento de 1.300% em agress\u00f5es e de 3.200% em atropelamentos com ve\u00edculos contra nossos corajosos agentes da lei&#8221;, concluiu.<br \/>\n<br \/><a href=\"https:\/\/bangpremier.com\/\" target=\"_blank\"> Visit Bang Premier (main website) <\/a><br \/>\n<br \/><script src=\"https:\/\/geo.dailymotion.com\/player\/xgs2h.js\" data-video=\"\"><\/script><\/p>\n","protected":false},"excerpt":{"rendered":"<p>A cantora Billie Eilish, 24, fez duras cr\u00edticas ao Servi\u00e7o de Imigra\u00e7\u00e3o e Controle de Alf\u00e2ndegas dos Estados Unidos (ICE, na sigla em ingl\u00eas) ao receber um pr\u00eamio por sua&hellip;<\/p>\n","protected":false},"author":1,"featured_media":630,"comment_status":"closed","ping_status":"open","sticky":false,"template":"","format":"standard","meta":{"footnotes":""},"categories":[1],"tags":[],"class_list":["post-3282","post","type-post","status-publish","format-standard","has-post-thumbnail","hentry","category-showbiz"],"_links":{"self":[{"href":"https:\/\/bangpremier.com.br\/index.php\/wp-json\/wp\/v2\/posts\/3282","targetHints":{"allow":["GET"]}}],"collection":[{"href":"https:\/\/bangpremier.com.br\/index.php\/wp-json\/wp\/v2\/posts"}],"about":[{"href":"https:\/\/bangpremier.com.br\/index.php\/wp-json\/wp\/v2\/types\/post"}],"author":[{"embeddable":true,"href":"https:\/\/bangpremier.com.br\/index.php\/wp-json\/wp\/v2\/users\/1"}],"replies":[{"embeddable":true,"href":"https:\/\/bangpremier.com.br\/index.php\/wp-json\/wp\/v2\/comments?post=3282"}],"version-history":[{"count":1,"href":"https:\/\/bangpremier.com.br\/index.php\/wp-json\/wp\/v2\/posts\/3282\/revisions"}],"predecessor-version":[{"id":3283,"href":"https:\/\/bangpremier.com.br\/index.php\/wp-json\/wp\/v2\/posts\/3282\/revisions\/3283"}],"wp:featuredmedia":[{"embeddable":true,"href":"https:\/\/bangpremier.com.br\/index.php\/wp-json\/wp\/v2\/media\/630"}],"wp:attachment":[{"href":"https:\/\/bangpremier.com.br\/index.php\/wp-json\/wp\/v2\/media?parent=3282"}],"wp:term":[{"taxonomy":"category","embeddable":true,"href":"https:\/\/bangpremier.com.br\/index.php\/wp-json\/wp\/v2\/categories?post=3282"},{"taxonomy":"post_tag","embeddable":true,"href":"https:\/\/bangpremier.com.br\/index.php\/wp-json\/wp\/v2\/tags?post=3282"}],"curies":[{"name":"wp","href":"https:\/\/api.w.org\/{rel}","templated":true}]}}