{"id":3275,"date":"2026-01-21T11:37:18","date_gmt":"2026-01-21T11:37:18","guid":{"rendered":"https:\/\/bangpremier.com.br\/index.php\/2026\/01\/21\/flor-gil-faz-homenagem-comovente-a-preta-gil-seis-meses-apos-morte-da-cantora\/"},"modified":"2026-01-21T11:37:20","modified_gmt":"2026-01-21T11:37:20","slug":"flor-gil-faz-homenagem-comovente-a-preta-gil-seis-meses-apos-morte-da-cantora","status":"publish","type":"post","link":"https:\/\/bangpremier.com.br\/index.php\/2026\/01\/21\/flor-gil-faz-homenagem-comovente-a-preta-gil-seis-meses-apos-morte-da-cantora\/","title":{"rendered":"Flor Gil faz homenagem comovente a Preta Gil seis meses ap\u00f3s morte da cantora"},"content":{"rendered":"<p><b><\/b><br \/>\n<BR>Flor Gil, 17, usou suas redes sociais para prestar uma homenagem \u00e0 tia, Preta Gil, seis meses ap\u00f3s a morte da cantora. A jovem cantora, filha da chef e apresentadora Bela Gil, compartilhou fotos ao lado da artista, que faleceu em julho de 2025, aos 50 anos, em decorr\u00eancia de complica\u00e7\u00f5es de um c\u00e2ncer no intestino. <BR><br \/>\nEm seu perfil no Instagram, Flor desabafou sobre a saudade que sente da tia, principalmente com a proximidade do carnaval.<BR><br \/>\n&#8220;Est\u00e1 chegando a sua \u00e9poca favorita do ano e voc\u00ea n\u00e3o vai estar aqui pra viver isso. N\u00e3o vai mais estar e eu ainda n\u00e3o me conformo com isso. Seis meses sem voc\u00ea e a falta s\u00f3 cresce!&#8221;, declarou.<BR><br \/>\nNeta de Gilberto Gil, Flor tamb\u00e9m comentou sobre o que tem ajudado a amenizar a dor do luto.<BR><br \/>\n&#8220;Te imagino descansando no seu lugar favorito e isso acalma um pouco o cora\u00e7\u00e3o&#8221;, completou.<BR><br \/>\nPreta faleceu ap\u00f3s uma luta de mais de \u200bdois anos contra o c\u00e2ncer. A cantora estava nos Estados Unidos, onde realizava um tratamento experimental, mas morreu antes de retornar ao Brasil.<BR><br \/>\nA artista deixou o filho Francisco Gil, de 31 anos, fruto do relacionamento com o ator Ot\u00e1vio M\u00fcller, e a neta Sol de Maria, de 10 anos.<br \/>\n<br \/><a href=\"https:\/\/bangpremier.com\/\" target=\"_blank\"> Visit Bang Premier (main website) <\/a><br \/>\n<br \/><script src=\"https:\/\/geo.dailymotion.com\/player\/xgs2h.js\" data-video=\"\"><\/script><\/p>\n","protected":false},"excerpt":{"rendered":"<p>Flor Gil, 17, usou suas redes sociais para prestar uma homenagem \u00e0 tia, Preta Gil, seis meses ap\u00f3s a morte da cantora. A jovem cantora, filha da chef e apresentadora&hellip;<\/p>\n","protected":false},"author":1,"featured_media":1503,"comment_status":"closed","ping_status":"open","sticky":false,"template":"","format":"standard","meta":{"footnotes":""},"categories":[1],"tags":[],"class_list":["post-3275","post","type-post","status-publish","format-standard","has-post-thumbnail","hentry","category-showbiz"],"_links":{"self":[{"href":"https:\/\/bangpremier.com.br\/index.php\/wp-json\/wp\/v2\/posts\/3275","targetHints":{"allow":["GET"]}}],"collection":[{"href":"https:\/\/bangpremier.com.br\/index.php\/wp-json\/wp\/v2\/posts"}],"about":[{"href":"https:\/\/bangpremier.com.br\/index.php\/wp-json\/wp\/v2\/types\/post"}],"author":[{"embeddable":true,"href":"https:\/\/bangpremier.com.br\/index.php\/wp-json\/wp\/v2\/users\/1"}],"replies":[{"embeddable":true,"href":"https:\/\/bangpremier.com.br\/index.php\/wp-json\/wp\/v2\/comments?post=3275"}],"version-history":[{"count":1,"href":"https:\/\/bangpremier.com.br\/index.php\/wp-json\/wp\/v2\/posts\/3275\/revisions"}],"predecessor-version":[{"id":3276,"href":"https:\/\/bangpremier.com.br\/index.php\/wp-json\/wp\/v2\/posts\/3275\/revisions\/3276"}],"wp:featuredmedia":[{"embeddable":true,"href":"https:\/\/bangpremier.com.br\/index.php\/wp-json\/wp\/v2\/media\/1503"}],"wp:attachment":[{"href":"https:\/\/bangpremier.com.br\/index.php\/wp-json\/wp\/v2\/media?parent=3275"}],"wp:term":[{"taxonomy":"category","embeddable":true,"href":"https:\/\/bangpremier.com.br\/index.php\/wp-json\/wp\/v2\/categories?post=3275"},{"taxonomy":"post_tag","embeddable":true,"href":"https:\/\/bangpremier.com.br\/index.php\/wp-json\/wp\/v2\/tags?post=3275"}],"curies":[{"name":"wp","href":"https:\/\/api.w.org\/{rel}","templated":true}]}}