{"id":3267,"date":"2026-01-21T10:00:13","date_gmt":"2026-01-21T10:00:13","guid":{"rendered":"https:\/\/bangpremier.com.br\/index.php\/2026\/01\/21\/falha-eletrica-no-air-force-one-interrompe-voo-de-trump-a-davos\/"},"modified":"2026-01-21T10:00:14","modified_gmt":"2026-01-21T10:00:14","slug":"falha-eletrica-no-air-force-one-interrompe-voo-de-trump-a-davos","status":"publish","type":"post","link":"https:\/\/bangpremier.com.br\/index.php\/2026\/01\/21\/falha-eletrica-no-air-force-one-interrompe-voo-de-trump-a-davos\/","title":{"rendered":"Falha el\u00e9trica no Air Force One interrompe voo de Trump a Davos"},"content":{"rendered":"<p><b><\/b><br \/>\n<BR>O presidente dos Estados Unidos, Donald Trump, 79, estava a bordo do Air Force One quando a aeronave precisou retornar \u00e0 base a\u00e9rea devido a um \u201cproblema el\u00e9trico\u201d.<BR><br \/>\nO l\u00edder americano estava a caminho do F\u00f3rum Econ\u00f4mico Mundial, em Davos, na Su\u00ed\u00e7a, quando o avi\u00e3o foi obrigado a voltar \u00e0 Base Conjunta Andrews, em Maryland, na noite da ter\u00e7a-feira (20).<BR><br \/>\nEm comunicado, a secret\u00e1ria de Imprensa da Casa Branca, Karoline Leavitt, afirmou: &#8220;Ap\u00f3s a decolagem, a tripula\u00e7\u00e3o do Air Force One identificou um pequeno problema el\u00e9trico. Por excesso de cautela, a aeronave est\u00e1 retornando \u00e0 Base Conjunta Andrews. O presidente e sua equipe embarcar\u00e3o em outro avi\u00e3o e seguir\u00e3o viagem para a Su\u00ed\u00e7a.&#8221;<BR><br \/>\nSegundo jornalistas que estavam a bordo, as luzes da cabine se apagaram brevemente, sem que uma explica\u00e7\u00e3o imediata fosse fornecida.<BR><br \/>\nTrump foi visto posteriormente embarcando em outra aeronave, um Air Force C-32 &#8211; vers\u00e3o modificada do Boeing 757, geralmente usada em viagens dom\u00e9sticas para aeroportos menores -, e seguiu viagem rumo a Davos.<BR><br \/>\nFuncion\u00e1rios foram vistos desembarcando do avi\u00e3o original com bagagens e tentando reorganizar os volumes para a nova aeronave. De acordo com informa\u00e7\u00f5es, os passageiros devem agora ser divididos em dois avi\u00f5es menores.<BR><br \/>\nO presidente tem previs\u00e3o de discursar para l\u00edderes pol\u00edticos e econ\u00f4micos nesta quarta-feira (21), em meio ao agravamento das tens\u00f5es geopol\u00edticas entre EUA e Europa.<BR><br \/>\nAinda n\u00e3o est\u00e1 claro se o incidente provocar\u00e1 altera\u00e7\u00f5es nos compromissos oficiais de Trump.<br \/>\n<br \/><a href=\"https:\/\/bangpremier.com\/\" target=\"_blank\"> Visit Bang Premier (main website) <\/a><br \/>\n<br \/><script src=\"https:\/\/geo.dailymotion.com\/player\/xgs2h.js\" data-video=\"\"><\/script><\/p>\n","protected":false},"excerpt":{"rendered":"<p>O presidente dos Estados Unidos, Donald Trump, 79, estava a bordo do Air Force One quando a aeronave precisou retornar \u00e0 base a\u00e9rea devido a um \u201cproblema el\u00e9trico\u201d. O l\u00edder&hellip;<\/p>\n","protected":false},"author":1,"featured_media":965,"comment_status":"closed","ping_status":"open","sticky":false,"template":"","format":"standard","meta":{"footnotes":""},"categories":[1],"tags":[],"class_list":["post-3267","post","type-post","status-publish","format-standard","has-post-thumbnail","hentry","category-showbiz"],"_links":{"self":[{"href":"https:\/\/bangpremier.com.br\/index.php\/wp-json\/wp\/v2\/posts\/3267","targetHints":{"allow":["GET"]}}],"collection":[{"href":"https:\/\/bangpremier.com.br\/index.php\/wp-json\/wp\/v2\/posts"}],"about":[{"href":"https:\/\/bangpremier.com.br\/index.php\/wp-json\/wp\/v2\/types\/post"}],"author":[{"embeddable":true,"href":"https:\/\/bangpremier.com.br\/index.php\/wp-json\/wp\/v2\/users\/1"}],"replies":[{"embeddable":true,"href":"https:\/\/bangpremier.com.br\/index.php\/wp-json\/wp\/v2\/comments?post=3267"}],"version-history":[{"count":1,"href":"https:\/\/bangpremier.com.br\/index.php\/wp-json\/wp\/v2\/posts\/3267\/revisions"}],"predecessor-version":[{"id":3268,"href":"https:\/\/bangpremier.com.br\/index.php\/wp-json\/wp\/v2\/posts\/3267\/revisions\/3268"}],"wp:featuredmedia":[{"embeddable":true,"href":"https:\/\/bangpremier.com.br\/index.php\/wp-json\/wp\/v2\/media\/965"}],"wp:attachment":[{"href":"https:\/\/bangpremier.com.br\/index.php\/wp-json\/wp\/v2\/media?parent=3267"}],"wp:term":[{"taxonomy":"category","embeddable":true,"href":"https:\/\/bangpremier.com.br\/index.php\/wp-json\/wp\/v2\/categories?post=3267"},{"taxonomy":"post_tag","embeddable":true,"href":"https:\/\/bangpremier.com.br\/index.php\/wp-json\/wp\/v2\/tags?post=3267"}],"curies":[{"name":"wp","href":"https:\/\/api.w.org\/{rel}","templated":true}]}}