{"id":326,"date":"2024-10-16T13:54:10","date_gmt":"2024-10-16T13:54:10","guid":{"rendered":"https:\/\/bangpremier.com.br\/index.php\/2024\/05\/14\/anitta-se-manifesta-apos-perder-mais-de-200-mil-seguidores-ao-anunciar-clipe-sobre-candomble\/"},"modified":"2024-10-16T13:54:10","modified_gmt":"2024-10-16T13:54:10","slug":"anitta-se-manifesta-apos-perder-mais-de-200-mil-seguidores-ao-anunciar-clipe-sobre-candomble","status":"publish","type":"post","link":"https:\/\/bangpremier.com.br\/index.php\/2024\/10\/16\/anitta-se-manifesta-apos-perder-mais-de-200-mil-seguidores-ao-anunciar-clipe-sobre-candomble\/","title":{"rendered":"Anitta se manifesta ap\u00f3s perder mais de 200 mil seguidores ao anunciar clipe sobre Candombl\u00e9"},"content":{"rendered":"<p><b>2024-05-14 10:17:12<\/b><br \/>\n<BR>Anitta se manifestou ap\u00f3s perder 200 mil seguidores desde o an\u00fancio do clipe &#8220;Aceita&#8221;, onde aborda o Candombl\u00e9.<BR><br \/>\n<BR><br \/>\nA funkeira, de 31 anos, recorreu \u00e0s redes sociais na noite de segunda-feira (13) para divulgar seu mais novo trabalho, previsto para ser lan\u00e7ado nesta quarta-feira (15), que presta homenagem \u00e0 religi\u00e3o de matriz africana \u00e0 qual \u00e9 adepta. No entanto, Anitta se surpreendeu com a quantidade de coment\u00e1rios negativos e se deparou com uma queda dr\u00e1stica no n\u00famero de seguidores em quest\u00e3o de horas.<BR><br \/>\n<BR><br \/>\n&#8220;J\u00e1 s\u00e3o mais de 200 mil seguidores que eu perdi desde que anunciei meu novo clipe, que vai sair agora, nesta quarta-feira. \u00c9 um clipe que eu mostro n\u00e3o s\u00f3 minha religi\u00e3o, como tamb\u00e9m mostro a religi\u00e3o de todos os envolvidos nessa produ\u00e7\u00e3o&#8221;, come\u00e7ou ela em uma live em sua conta no Instagram.<BR><br \/>\n<BR><br \/>\nA cantora disse estar espantada com o retrocesso significativo da humanidade em termos de compreens\u00e3o e respeito pelas escolhas das pessoas.<BR><br \/>\n<BR><br \/>\n&#8220;Eu ainda fico um pouco assustada com a falta de evolu\u00e7\u00e3o do ser humano. Nos dias de hoje ainda \u00e9 um retrocesso t\u00e3o grande nesse sentido de aceitar, entender, respeitar os caminhos das pessoas\u201d, disse ela.<BR><br \/>\n<BR><br \/>\n\u201cAinda fico assustada como vai passando o tempo e o ser humano est\u00e1 mais intolerante ao inv\u00e9s de estar aceitando mais, de estar respeitando\u2019\u2019, afirmou Anitta em outro trecho.<br \/>\n<br \/><a href=\"https:\/\/bangpremier.com\/\" target=\"_blank\" rel=\"noopener\"> Visit Bang Premier (main website) <\/a><\/p>\n","protected":false},"excerpt":{"rendered":"<p>2024-05-14 10:17:12 Anitta se manifestou ap\u00f3s perder 200 mil seguidores desde o an\u00fancio do clipe &#8220;Aceita&#8221;, onde aborda o Candombl\u00e9. A funkeira, de 31 anos, recorreu \u00e0s redes sociais na&hellip;<\/p>\n","protected":false},"author":1,"featured_media":327,"comment_status":"closed","ping_status":"open","sticky":false,"template":"","format":"standard","meta":{"footnotes":""},"categories":[1],"tags":[],"class_list":["post-326","post","type-post","status-publish","format-standard","has-post-thumbnail","hentry","category-showbiz"],"_links":{"self":[{"href":"https:\/\/bangpremier.com.br\/index.php\/wp-json\/wp\/v2\/posts\/326","targetHints":{"allow":["GET"]}}],"collection":[{"href":"https:\/\/bangpremier.com.br\/index.php\/wp-json\/wp\/v2\/posts"}],"about":[{"href":"https:\/\/bangpremier.com.br\/index.php\/wp-json\/wp\/v2\/types\/post"}],"author":[{"embeddable":true,"href":"https:\/\/bangpremier.com.br\/index.php\/wp-json\/wp\/v2\/users\/1"}],"replies":[{"embeddable":true,"href":"https:\/\/bangpremier.com.br\/index.php\/wp-json\/wp\/v2\/comments?post=326"}],"version-history":[{"count":1,"href":"https:\/\/bangpremier.com.br\/index.php\/wp-json\/wp\/v2\/posts\/326\/revisions"}],"predecessor-version":[{"id":328,"href":"https:\/\/bangpremier.com.br\/index.php\/wp-json\/wp\/v2\/posts\/326\/revisions\/328"}],"wp:featuredmedia":[{"embeddable":true,"href":"https:\/\/bangpremier.com.br\/index.php\/wp-json\/wp\/v2\/media\/327"}],"wp:attachment":[{"href":"https:\/\/bangpremier.com.br\/index.php\/wp-json\/wp\/v2\/media?parent=326"}],"wp:term":[{"taxonomy":"category","embeddable":true,"href":"https:\/\/bangpremier.com.br\/index.php\/wp-json\/wp\/v2\/categories?post=326"},{"taxonomy":"post_tag","embeddable":true,"href":"https:\/\/bangpremier.com.br\/index.php\/wp-json\/wp\/v2\/tags?post=326"}],"curies":[{"name":"wp","href":"https:\/\/api.w.org\/{rel}","templated":true}]}}