{"id":323,"date":"2024-10-16T13:54:10","date_gmt":"2024-10-16T13:54:10","guid":{"rendered":"https:\/\/bangpremier.com.br\/index.php\/2024\/05\/14\/principe-harry-e-meghan-agradecem-comunidade-da-nigeria-em-meio-a-polemica-com-instituicao-de-caridade\/"},"modified":"2024-10-16T13:54:10","modified_gmt":"2024-10-16T13:54:10","slug":"principe-harry-e-meghan-agradecem-comunidade-da-nigeria-em-meio-a-polemica-com-instituicao-de-caridade","status":"publish","type":"post","link":"https:\/\/bangpremier.com.br\/index.php\/2024\/10\/16\/principe-harry-e-meghan-agradecem-comunidade-da-nigeria-em-meio-a-polemica-com-instituicao-de-caridade\/","title":{"rendered":"Pr\u00edncipe Harry e Meghan agradecem comunidade da Nig\u00e9ria em meio \u00e0 pol\u00eamica com institui\u00e7\u00e3o de caridade"},"content":{"rendered":"<p><b>2024-05-14 09:35:45<\/b><br \/>\n<BR>O pr\u00edncipe Harry e Meghan Markle expressaram sua \u201cmais profunda gratid\u00e3o\u201d \u00e0 popula\u00e7\u00e3o da Nig\u00e9ria ap\u00f3s a sua visita ao pa\u00eds e n\u00e3o se manifestaram sobre a pol\u00eamica envolvendo sua institui\u00e7\u00e3o de caridade.<BR><br \/>\n<BR><br \/>\nO integrante da realeza, de 39 anos, e sua esposa, de 42, ainda n\u00e3o se pronunciaram sobre a Funda\u00e7\u00e3o Archewell, lan\u00e7ada em 2020, e sua inclus\u00e3o na lista de &#8220;inadimplentes&#8221; pelo Registro de Institui\u00e7\u00f5es de Caridade e Angaria\u00e7\u00e3o de Fundos da Calif\u00f3rnia devido a impostos n\u00e3o pagos.<BR><br \/>\n<BR><br \/>\nNo entanto, desde que a not\u00edcia veio \u00e0 tona, o casal apenas divulgou um comunicado sobre sua viagem de tr\u00eas dias \u00e0 Nig\u00e9ria.<BR><br \/>\n<BR><br \/>\n\u201cO Duque e a Duquesa gostariam de estender sua mais profunda gratid\u00e3o a todos os organizadores do evento, oficiais militares e toda a comunidade nigeriana por sua tremenda hospitalidade e pela primeira de muitas viagens memor\u00e1veis\u201d, dizia a nota em seu site oficial.<BR><br \/>\n<BR><br \/>\nA dupla se afastou de seus deveres reais em 2020 para se mudar para Los Angeles para levar uma vida independente e, posteriormente, criou a Funda\u00e7\u00e3o Archewell.<BR><br \/>\n<BR><br \/>\nUm documento do procurador-geral da Calif\u00f3rnia, Rob Bonta, apresentado em nome do Registro de Institui\u00e7\u00f5es de Caridade \u00e0 Funda\u00e7\u00e3o Archewell, e datado de 3 de maio, listou a institui\u00e7\u00e3o de caridade como &#8220;inadimplente&#8221; por n\u00e3o apresentar &#8220;relat\u00f3rio(s) anual(is) exigido(s) e \/ou taxas de renova\u00e7\u00e3o.&#8221;<BR><br \/>\n<BR><br \/>\n\u201cUma organiza\u00e7\u00e3o listada como inadimplente n\u00e3o est\u00e1 em situa\u00e7\u00e3o regular e est\u00e1 proibida de se envolver em condutas para as quais seja necess\u00e1rio registro, incluindo solicita\u00e7\u00e3o ou desembolso de fundos de caridade\u201d, descreve a declara\u00e7\u00e3o.<BR><br \/>\n<BR><br \/>\n\u201cA organiza\u00e7\u00e3o tamb\u00e9m pode estar sujeita a penalidades e seu registro pode ser suspenso ou revogado pelo Registro. Depois de enviar o(s) registro(s) de inadimpl\u00eancia, voc\u00ea ser\u00e1 notificado sobre o valor de quaisquer multas por atraso devidas\u201d, acrescentou.<br \/>\n<br \/><a href=\"https:\/\/bangpremier.com\/\" target=\"_blank\" rel=\"noopener\"> Visit Bang Premier (main website) <\/a><\/p>\n","protected":false},"excerpt":{"rendered":"<p>2024-05-14 09:35:45 O pr\u00edncipe Harry e Meghan Markle expressaram sua \u201cmais profunda gratid\u00e3o\u201d \u00e0 popula\u00e7\u00e3o da Nig\u00e9ria ap\u00f3s a sua visita ao pa\u00eds e n\u00e3o se manifestaram sobre a pol\u00eamica&hellip;<\/p>\n","protected":false},"author":1,"featured_media":324,"comment_status":"closed","ping_status":"open","sticky":false,"template":"","format":"standard","meta":{"footnotes":""},"categories":[1],"tags":[],"class_list":["post-323","post","type-post","status-publish","format-standard","has-post-thumbnail","hentry","category-showbiz"],"_links":{"self":[{"href":"https:\/\/bangpremier.com.br\/index.php\/wp-json\/wp\/v2\/posts\/323","targetHints":{"allow":["GET"]}}],"collection":[{"href":"https:\/\/bangpremier.com.br\/index.php\/wp-json\/wp\/v2\/posts"}],"about":[{"href":"https:\/\/bangpremier.com.br\/index.php\/wp-json\/wp\/v2\/types\/post"}],"author":[{"embeddable":true,"href":"https:\/\/bangpremier.com.br\/index.php\/wp-json\/wp\/v2\/users\/1"}],"replies":[{"embeddable":true,"href":"https:\/\/bangpremier.com.br\/index.php\/wp-json\/wp\/v2\/comments?post=323"}],"version-history":[{"count":1,"href":"https:\/\/bangpremier.com.br\/index.php\/wp-json\/wp\/v2\/posts\/323\/revisions"}],"predecessor-version":[{"id":325,"href":"https:\/\/bangpremier.com.br\/index.php\/wp-json\/wp\/v2\/posts\/323\/revisions\/325"}],"wp:featuredmedia":[{"embeddable":true,"href":"https:\/\/bangpremier.com.br\/index.php\/wp-json\/wp\/v2\/media\/324"}],"wp:attachment":[{"href":"https:\/\/bangpremier.com.br\/index.php\/wp-json\/wp\/v2\/media?parent=323"}],"wp:term":[{"taxonomy":"category","embeddable":true,"href":"https:\/\/bangpremier.com.br\/index.php\/wp-json\/wp\/v2\/categories?post=323"},{"taxonomy":"post_tag","embeddable":true,"href":"https:\/\/bangpremier.com.br\/index.php\/wp-json\/wp\/v2\/tags?post=323"}],"curies":[{"name":"wp","href":"https:\/\/api.w.org\/{rel}","templated":true}]}}