{"id":3191,"date":"2026-01-13T13:53:29","date_gmt":"2026-01-13T13:53:29","guid":{"rendered":"https:\/\/bangpremier.com.br\/index.php\/2026\/01\/13\/matt-damon-fala-sobre-amizade-que-sustentou-ben-affleck-nos-piores-momentos\/"},"modified":"2026-01-13T13:53:30","modified_gmt":"2026-01-13T13:53:30","slug":"matt-damon-fala-sobre-amizade-que-sustentou-ben-affleck-nos-piores-momentos","status":"publish","type":"post","link":"https:\/\/bangpremier.com.br\/index.php\/2026\/01\/13\/matt-damon-fala-sobre-amizade-que-sustentou-ben-affleck-nos-piores-momentos\/","title":{"rendered":"Matt Damon fala sobre amizade que sustentou Ben Affleck nos piores momentos"},"content":{"rendered":"<p><b><\/b><br \/>\n<BR>O ator Matt Damon, 55, afirmou que esteve ao lado de Ben Affleck, 53, em todos os momentos dif\u00edceis vividos pelo amigo ao longo dos \u00faltimos anos, incluindo a luta contra o alcoolismo e os dois div\u00f3rcios, com Jennifer Garner e Jennifer Lopez. Amigos desde a inf\u00e2ncia, os dois constru\u00edram juntos a carreira em Hollywood e dividiram o primeiro grande sucesso internacional quando venceram o Oscar de Melhor Roteiro Original por &#8220;G\u00eanio Indom\u00e1vel&#8221; (1997), filme que escreveram em parceria.<BR><br \/>\nDurante uma participa\u00e7\u00e3o conjunta no programa The Howard Stern Show, da r\u00e1dio SiriusXM, Ben desabafou\u00a0sobre ter &#8220;bebido excessivamente&#8221; em determinados per\u00edodos da vida. O apresentador da atra\u00e7\u00e3o,\u00a0Howard Stern, mencionou os casamentos do ator antes de se voltar para Matt e perguntar se ele havia conseguido\u00a0apoiar o\u00a0amigo.<BR><br \/>\n&#8220;Ah, sim. A nossa rela\u00e7\u00e3o n\u00e3o \u00e9 afetada pelo que as pessoas falam. Eu estive presente em tudo&#8221;, respondeu.<BR><br \/>\nA fala emocionou Ben, que aproveitou para agradecer publicamente. &#8220;Isso significa muito para mim. \u00c9 isso que um amigo de verdade faz&#8221;, afirmou.<BR><br \/>\nHoward brincou que a rela\u00e7\u00e3o entre os dois era &#8220;um grande romance&#8221;, coment\u00e1rio com o qual Ben concordou. &#8220;\u00c9 definitivamente amor\u201d, disse o ator, antes de tra\u00e7ar um paralelo com a pr\u00f3pria trajet\u00f3ria em &#8220;G\u00eanio Indom\u00e1vel&#8221;. &#8220;Principalmente quando voc\u00ea \u00e9 jovem, essas rela\u00e7\u00f5es s\u00f3lidas com outros caras &#8211; com\u00a0lealdade, de quem voc\u00ea \u00e9 muito pr\u00f3ximo e com quem cresceu &#8211; muitas vezes s\u00e3o para a vida inteira&#8221;, acrescentou.<BR><br \/>\n&#8220;Acho que, quando \u00e9ramos mais novos, t\u00ednhamos uma no\u00e7\u00e3o mais clara do valor dessas amizades puras, do que elas representavam para n\u00f3s e como ajudavam a moldar a nossa identidade desde o ensino m\u00e9dio&#8221;, completou.<BR><br \/>\nMatt tamb\u00e9m refletiu sobre os dois terem alcan\u00e7ado a fama juntos.\u00a0&#8220;N\u00f3s ganhamos na loteria. E ganhamos juntos. A sua evolu\u00e7\u00e3o meio que fica estagnada no momento em que voc\u00ea se torna famoso, porque o mundo passa a te tratar de forma diferente. Tivemos sorte porque t\u00ednhamos 25 e 27 anos. J\u00e1 t\u00ednhamos vivido alguns anos entrando em lugares sem chamar aten\u00e7\u00e3o.&#8221;<BR><br \/>\nAo encerrar a conversa, Ben explicou que essa parceria foi fundamental para que ambos mantivessem os p\u00e9s no ch\u00e3o. &#8220;\u00c9 por isso que somos t\u00e3o centrados &#8211; at\u00e9 certo ponto, porque isso fica a crit\u00e9rio de quem julga. Ficar famoso e bem-sucedido juntos significou ter algu\u00e9m a quem recorrer e perguntar: \u2018Isso est\u00e1 fora da realidade?\u2019\u200b, ou ouvir: \u2018O que voc\u00ea est\u00e1 fazendo, cara?\u2019&#8221;<br \/>\n<br \/><a href=\"https:\/\/bangpremier.com\/\" target=\"_blank\"> Visit Bang Premier (main website) <\/a><br \/>\n<br \/><script src=\"https:\/\/geo.dailymotion.com\/player\/xgs2h.js\" data-video=\"\"><\/script><\/p>\n","protected":false},"excerpt":{"rendered":"<p>O ator Matt Damon, 55, afirmou que esteve ao lado de Ben Affleck, 53, em todos os momentos dif\u00edceis vividos pelo amigo ao longo dos \u00faltimos anos, incluindo a luta&hellip;<\/p>\n","protected":false},"author":1,"featured_media":3192,"comment_status":"closed","ping_status":"open","sticky":false,"template":"","format":"standard","meta":{"footnotes":""},"categories":[1],"tags":[],"class_list":["post-3191","post","type-post","status-publish","format-standard","has-post-thumbnail","hentry","category-showbiz"],"_links":{"self":[{"href":"https:\/\/bangpremier.com.br\/index.php\/wp-json\/wp\/v2\/posts\/3191","targetHints":{"allow":["GET"]}}],"collection":[{"href":"https:\/\/bangpremier.com.br\/index.php\/wp-json\/wp\/v2\/posts"}],"about":[{"href":"https:\/\/bangpremier.com.br\/index.php\/wp-json\/wp\/v2\/types\/post"}],"author":[{"embeddable":true,"href":"https:\/\/bangpremier.com.br\/index.php\/wp-json\/wp\/v2\/users\/1"}],"replies":[{"embeddable":true,"href":"https:\/\/bangpremier.com.br\/index.php\/wp-json\/wp\/v2\/comments?post=3191"}],"version-history":[{"count":1,"href":"https:\/\/bangpremier.com.br\/index.php\/wp-json\/wp\/v2\/posts\/3191\/revisions"}],"predecessor-version":[{"id":3193,"href":"https:\/\/bangpremier.com.br\/index.php\/wp-json\/wp\/v2\/posts\/3191\/revisions\/3193"}],"wp:featuredmedia":[{"embeddable":true,"href":"https:\/\/bangpremier.com.br\/index.php\/wp-json\/wp\/v2\/media\/3192"}],"wp:attachment":[{"href":"https:\/\/bangpremier.com.br\/index.php\/wp-json\/wp\/v2\/media?parent=3191"}],"wp:term":[{"taxonomy":"category","embeddable":true,"href":"https:\/\/bangpremier.com.br\/index.php\/wp-json\/wp\/v2\/categories?post=3191"},{"taxonomy":"post_tag","embeddable":true,"href":"https:\/\/bangpremier.com.br\/index.php\/wp-json\/wp\/v2\/tags?post=3191"}],"curies":[{"name":"wp","href":"https:\/\/api.w.org\/{rel}","templated":true}]}}