{"id":3184,"date":"2026-01-13T09:15:23","date_gmt":"2026-01-13T09:15:23","guid":{"rendered":"https:\/\/bangpremier.com.br\/index.php\/2026\/01\/13\/andrea-bocelli-se-junta-a-mariah-carey-na-abertura-dos-jogos-olimpicos-de-inverno\/"},"modified":"2026-01-13T09:15:24","modified_gmt":"2026-01-13T09:15:24","slug":"andrea-bocelli-se-junta-a-mariah-carey-na-abertura-dos-jogos-olimpicos-de-inverno","status":"publish","type":"post","link":"https:\/\/bangpremier.com.br\/index.php\/2026\/01\/13\/andrea-bocelli-se-junta-a-mariah-carey-na-abertura-dos-jogos-olimpicos-de-inverno\/","title":{"rendered":"Andrea Bocelli se junta a Mariah Carey na abertura dos Jogos Ol\u00edmpicos de Inverno"},"content":{"rendered":"<p><b><\/b><br \/>\n<BR>O tenor italiano Andrea Bocelli, 67, ir\u00e1 se apresentar na cerim\u00f4nia de abertura dos Jogos Ol\u00edmpicos de Inverno de Milano Cortina 2026, no dia 6 de fevereiro, em Mil\u00e3o. O astro da \u00f3pera estar\u00e1 entre os nomes que subir\u00e3o ao palco para marcar o in\u00edcio do evento, juntando-se \u00e0 cantora Mariah Carey, 56, cuja participa\u00e7\u00e3o j\u00e1 havia sido confirmada recentemente.<BR><br \/>\nEm comunicado, os organizadores celebraram a presen\u00e7a do artista na abertura da competi\u00e7\u00e3o esportiva. &#8220;Maestro Andrea Bocelli, uma das vozes mais inconfund\u00edveis do cen\u00e1rio art\u00edstico internacional e uma personifica\u00e7\u00e3o da excel\u00eancia italiana no mundo, se apresentar\u00e1 na Cerim\u00f4nia de Abertura dos Jogos Ol\u00edmpicos de Inverno Milano Cortina, em 6 de fevereiro de 2026&#8221;, dizia a nota.<BR><br \/>\nO texto acrescentou que a apresenta\u00e7\u00e3o \u200bpromete ser um dos momentos mais memor\u00e1veis da noite. \u201cDurante a cerim\u00f4nia, sua performance ir\u00e1 se destacar como um dos momentos mais ic\u00f4nicos do evento, unindo a express\u00e3o art\u00edstica \u00e0 ess\u00eancia dos valores ol\u00edmpicos.&#8221;<BR><br \/>\nAinda segundo os organizadores, a participa\u00e7\u00e3o do \u00eddolo fortalece a \u200be\u200bess\u00eancia das Olimp\u00edadas. &#8220;A presen\u00e7a do Maestro Andrea Bocelli refor\u00e7ar\u00e1 a identidade dos Jogos de Inverno Milano Cortina 2026, ajudando a construir uma narrativa contempor\u00e2nea e de alcance internacional. Sua performance promover\u00e1 um momento poderoso e comovente, no qual a m\u00fasica se torna uma linguagem compartilhada, ecoando as trajet\u00f3rias e hist\u00f3rias dos atletas.&#8221;<BR><br \/>\nN\u00e3o ser\u00e1 a primeira vez que o cantor participa de um evento ol\u00edmpico. O tenor j\u00e1 havia se apresentado na cerim\u00f4nia de encerramento dos Jogos Ol\u00edmpicos de Inverno de Turim, em 2006. A passagem por Mil\u00e3o marca uma pausa em sua turn\u00ea mundial, antes de Bocelli retornar aos Estados Unidos para dar sequ\u00eancia \u00e0 agenda de shows ao longo de fevereiro.<BR><br \/>\nMariah Carey confirmou sua presen\u00e7a no evento por meio de uma publica\u00e7\u00e3o no Instagram. A cerim\u00f4nia de abertura tamb\u00e9m incluir\u00e1 uma homenagem especial ao estilista Giorgio Armani, falecido em setembro passado, aos 91 anos, que assinou os uniformes das equipes ol\u00edmpicas italianas em edi\u00e7\u00f5es anteriores.<br \/>\n<br \/><a href=\"https:\/\/bangpremier.com\/\" target=\"_blank\"> Visit Bang Premier (main website) <\/a><br \/>\n<br \/><script src=\"https:\/\/geo.dailymotion.com\/player\/xgs2h.js\" data-video=\"\"><\/script><\/p>\n","protected":false},"excerpt":{"rendered":"<p>O tenor italiano Andrea Bocelli, 67, ir\u00e1 se apresentar na cerim\u00f4nia de abertura dos Jogos Ol\u00edmpicos de Inverno de Milano Cortina 2026, no dia 6 de fevereiro, em Mil\u00e3o. O&hellip;<\/p>\n","protected":false},"author":1,"featured_media":1250,"comment_status":"closed","ping_status":"open","sticky":false,"template":"","format":"standard","meta":{"footnotes":""},"categories":[1],"tags":[],"class_list":["post-3184","post","type-post","status-publish","format-standard","has-post-thumbnail","hentry","category-showbiz"],"_links":{"self":[{"href":"https:\/\/bangpremier.com.br\/index.php\/wp-json\/wp\/v2\/posts\/3184","targetHints":{"allow":["GET"]}}],"collection":[{"href":"https:\/\/bangpremier.com.br\/index.php\/wp-json\/wp\/v2\/posts"}],"about":[{"href":"https:\/\/bangpremier.com.br\/index.php\/wp-json\/wp\/v2\/types\/post"}],"author":[{"embeddable":true,"href":"https:\/\/bangpremier.com.br\/index.php\/wp-json\/wp\/v2\/users\/1"}],"replies":[{"embeddable":true,"href":"https:\/\/bangpremier.com.br\/index.php\/wp-json\/wp\/v2\/comments?post=3184"}],"version-history":[{"count":1,"href":"https:\/\/bangpremier.com.br\/index.php\/wp-json\/wp\/v2\/posts\/3184\/revisions"}],"predecessor-version":[{"id":3185,"href":"https:\/\/bangpremier.com.br\/index.php\/wp-json\/wp\/v2\/posts\/3184\/revisions\/3185"}],"wp:featuredmedia":[{"embeddable":true,"href":"https:\/\/bangpremier.com.br\/index.php\/wp-json\/wp\/v2\/media\/1250"}],"wp:attachment":[{"href":"https:\/\/bangpremier.com.br\/index.php\/wp-json\/wp\/v2\/media?parent=3184"}],"wp:term":[{"taxonomy":"category","embeddable":true,"href":"https:\/\/bangpremier.com.br\/index.php\/wp-json\/wp\/v2\/categories?post=3184"},{"taxonomy":"post_tag","embeddable":true,"href":"https:\/\/bangpremier.com.br\/index.php\/wp-json\/wp\/v2\/tags?post=3184"}],"curies":[{"name":"wp","href":"https:\/\/api.w.org\/{rel}","templated":true}]}}