{"id":3181,"date":"2026-01-12T10:59:02","date_gmt":"2026-01-12T10:59:02","guid":{"rendered":"https:\/\/bangpremier.com.br\/index.php\/2026\/01\/12\/fiquem-ligados-diz-criador-sobre-continuacao-de-adolescencia\/"},"modified":"2026-01-12T10:59:03","modified_gmt":"2026-01-12T10:59:03","slug":"fiquem-ligados-diz-criador-sobre-continuacao-de-adolescencia","status":"publish","type":"post","link":"https:\/\/bangpremier.com.br\/index.php\/2026\/01\/12\/fiquem-ligados-diz-criador-sobre-continuacao-de-adolescencia\/","title":{"rendered":"&#039;Fiquem ligados&#039;, diz criador sobre continua\u00e7\u00e3o de &#039;Adolesc\u00eancia&#039;"},"content":{"rendered":"<p><b><\/b><br \/>\n<BR>O ator Stephen Graham, 52, deixou em aberto a possibilidade de uma segunda temporada da miniss\u00e9rie &#8220;Adolesc\u00eancia&#8221; e pediu que os f\u00e3s aguardem novidades. O astro e co-criador do sucesso da Netflix falou nos bastidores do Globo de Ouro, no domingo (11), em Los Angeles, ap\u00f3s a produ\u00e7\u00e3o conquistar quatro pr\u00eamios na cerim\u00f4nia.<BR><br \/>\nQuestionado sobre a possibilidade de novos epis\u00f3dios, Stephen explicou que a decis\u00e3o ainda n\u00e3o foi tomada por ele e por seu parceiro na produ\u00e7\u00e3o, o roteirista Jack Thorne. &#8220;N\u00e3o posso responder a essa pergunta porque ela est\u00e1 em algum lugar profundo da minha mente e da mente de Jack, e vamos pux\u00e1-la de l\u00e1 daqui a tr\u00eas ou quatro anos, ent\u00e3o fiquem ligados&#8221;, disse o brit\u00e2nico em uma coletiva de imprensa.<BR><br \/>\n&#8220;Adolesc\u00eancia&#8221; acompanha o caso do adolescente Jamie Miller, interpretado por Owen Cooper, 16, suspeito de assassinato. Stephen d\u00e1 vida a Eddie, o pai do personagem central. Os epis\u00f3dios da s\u00e9rie foram filmados em uma \u00fanica tomada, ganhando elogios do p\u00fablico e da cr\u00edtica.<BR><br \/>\nNa cerim\u00f4nia, a produ\u00e7\u00e3o venceu o pr\u00eamio de Melhor Ator de Filme para TV ou S\u00e9rie Limitada. O elenco tamb\u00e9m foi reconhecido nas categorias individuais. Stephen levou o trof\u00e9u de Melhor Ator, enquanto Erin Doherty, que interpretou Briony Ariston, venceu como Melhor Atriz Coadjuvante.<BR><br \/>\nOwen conquistou o pr\u00eamio de Melhor Ator Coadjuvante, tornando-se o mais jovem da hist\u00f3ria a vencer na categoria. <BR><br \/>\nEm seu discurso, o astro falou sobre o reconhecimento internacional. &#8220;Estar aqui no Globo de Ouro n\u00e3o parece real de forma alguma. Que jornada incr\u00edvel pela qual eu e minha fam\u00edlia passamos. Somos eternamente gratos&#8230; Eu pensei que talvez fosse mandar bem, talvez fosse p\u00e9ssimo, nunca se sabe. Ent\u00e3o eu arrisquei e fui fazer aulas de teatro. Eu era o \u00fanico garoto l\u00e1. Foi constrangedor, mas consegui lidar com isso.&#8221;<BR><br \/>\nApesar do sucesso estrondoso, o brit\u00e2nico declarou que ainda se enxerga como um artista em forma\u00e7\u00e3o. &#8220;Ainda sou um aprendiz. Ainda estou aprendendo todos os dias; aprendendo com as pessoas que est\u00e3o sentadas \u00e0 minha frente, que me inspiram. \u00c9 insano tudo o que est\u00e1 acontecendo&#8221;, admitiu.<br \/>\n<br \/><a href=\"https:\/\/bangpremier.com\/\" target=\"_blank\"> Visit Bang Premier (main website) <\/a><br \/>\n<br \/><script src=\"https:\/\/geo.dailymotion.com\/player\/xgs2h.js\" data-video=\"\"><\/script><\/p>\n","protected":false},"excerpt":{"rendered":"<p>O ator Stephen Graham, 52, deixou em aberto a possibilidade de uma segunda temporada da miniss\u00e9rie &#8220;Adolesc\u00eancia&#8221; e pediu que os f\u00e3s aguardem novidades. O astro e co-criador do sucesso&hellip;<\/p>\n","protected":false},"author":1,"featured_media":3182,"comment_status":"closed","ping_status":"open","sticky":false,"template":"","format":"standard","meta":{"footnotes":""},"categories":[1],"tags":[],"class_list":["post-3181","post","type-post","status-publish","format-standard","has-post-thumbnail","hentry","category-showbiz"],"_links":{"self":[{"href":"https:\/\/bangpremier.com.br\/index.php\/wp-json\/wp\/v2\/posts\/3181","targetHints":{"allow":["GET"]}}],"collection":[{"href":"https:\/\/bangpremier.com.br\/index.php\/wp-json\/wp\/v2\/posts"}],"about":[{"href":"https:\/\/bangpremier.com.br\/index.php\/wp-json\/wp\/v2\/types\/post"}],"author":[{"embeddable":true,"href":"https:\/\/bangpremier.com.br\/index.php\/wp-json\/wp\/v2\/users\/1"}],"replies":[{"embeddable":true,"href":"https:\/\/bangpremier.com.br\/index.php\/wp-json\/wp\/v2\/comments?post=3181"}],"version-history":[{"count":1,"href":"https:\/\/bangpremier.com.br\/index.php\/wp-json\/wp\/v2\/posts\/3181\/revisions"}],"predecessor-version":[{"id":3183,"href":"https:\/\/bangpremier.com.br\/index.php\/wp-json\/wp\/v2\/posts\/3181\/revisions\/3183"}],"wp:featuredmedia":[{"embeddable":true,"href":"https:\/\/bangpremier.com.br\/index.php\/wp-json\/wp\/v2\/media\/3182"}],"wp:attachment":[{"href":"https:\/\/bangpremier.com.br\/index.php\/wp-json\/wp\/v2\/media?parent=3181"}],"wp:term":[{"taxonomy":"category","embeddable":true,"href":"https:\/\/bangpremier.com.br\/index.php\/wp-json\/wp\/v2\/categories?post=3181"},{"taxonomy":"post_tag","embeddable":true,"href":"https:\/\/bangpremier.com.br\/index.php\/wp-json\/wp\/v2\/tags?post=3181"}],"curies":[{"name":"wp","href":"https:\/\/api.w.org\/{rel}","templated":true}]}}