{"id":3159,"date":"2026-01-08T13:41:10","date_gmt":"2026-01-08T13:41:10","guid":{"rendered":"https:\/\/bangpremier.com.br\/index.php\/2026\/01\/08\/dissolucao-de-uma-familia-diz-jennifer-garner-sobre-divorcio-com-ben-affleck\/"},"modified":"2026-01-08T13:41:12","modified_gmt":"2026-01-08T13:41:12","slug":"dissolucao-de-uma-familia-diz-jennifer-garner-sobre-divorcio-com-ben-affleck","status":"publish","type":"post","link":"https:\/\/bangpremier.com.br\/index.php\/2026\/01\/08\/dissolucao-de-uma-familia-diz-jennifer-garner-sobre-divorcio-com-ben-affleck\/","title":{"rendered":"&#039;Dissolu\u00e7\u00e3o de uma fam\u00edlia&#039;, diz Jennifer Garner sobre div\u00f3rcio com Ben Affleck"},"content":{"rendered":"<p><b><\/b><br \/>\n<BR>Jennifer Garner, 53, falou abertamente sobre seu div\u00f3rcio conturbado com o ator Ben Affleck, com quem tem os filhos Violet, 20, Seraphina, 16, e Samuel, 13.<BR><br \/>\nO casal se separou em 2015, ap\u00f3s uma d\u00e9cada de casamento. A atriz admitiu que enfrentou dificuldades para enfrentar as fofocas e as especula\u00e7\u00f5es sobre sua vida pessoal no momento.<BR><br \/>\nEm entrevista \u00e0 revista brit\u00e2nica Marie Claire, a estrela explicou: \u201cEu n\u00e3o consigo consumir fofocas sobre mim ou sobre qualquer outra pessoa, muito menos sobre meus filhos.\u201d<BR><br \/>\n\u201cVoc\u00ea precisa ser inteligente sobre o que consegue ou n\u00e3o lidar, e eu n\u00e3o conseguia lidar com o que estava sendo dito por a\u00ed.\u201d<BR><br \/>\nApesar do falat\u00f3rio em torno dela e de sua fam\u00edlia, Jennifer pontuou que esse n\u00e3o foi o pior aspecto do div\u00f3rcio.<BR><br \/>\n\u201cO fato em si \u00e9 que era dif\u00edcil. A dissolu\u00e7\u00e3o real de uma fam\u00edlia \u00e9 que foi dif\u00edcil. Perder uma verdadeira parceria e amizade \u00e9 que foi dif\u00edcil.\u201d<BR><br \/>\nA artista ainda contou que buscou conforto nos amigos e na fam\u00edlia ap\u00f3s o fim do casamento: \u201cFa\u00e7o um grande esfor\u00e7o para ver as pessoas pr\u00f3ximas de mim o m\u00e1ximo que posso, porque isso \u00e9 o que importa. \u00c9 a\u00ed que est\u00e1 a sua resili\u00eancia: est\u00e1 nos seus relacionamentos e nas pessoas que te sustentam ao longo do caminho.\u201d<br \/>\n<br \/><a href=\"https:\/\/bangpremier.com\/\" target=\"_blank\"> Visit Bang Premier (main website) <\/a><br \/>\n<br \/><script src=\"https:\/\/geo.dailymotion.com\/player\/xgs2h.js\" data-video=\"\"><\/script><\/p>\n","protected":false},"excerpt":{"rendered":"<p>Jennifer Garner, 53, falou abertamente sobre seu div\u00f3rcio conturbado com o ator Ben Affleck, com quem tem os filhos Violet, 20, Seraphina, 16, e Samuel, 13. O casal se separou&hellip;<\/p>\n","protected":false},"author":1,"featured_media":3160,"comment_status":"closed","ping_status":"open","sticky":false,"template":"","format":"standard","meta":{"footnotes":""},"categories":[1],"tags":[],"class_list":["post-3159","post","type-post","status-publish","format-standard","has-post-thumbnail","hentry","category-showbiz"],"_links":{"self":[{"href":"https:\/\/bangpremier.com.br\/index.php\/wp-json\/wp\/v2\/posts\/3159","targetHints":{"allow":["GET"]}}],"collection":[{"href":"https:\/\/bangpremier.com.br\/index.php\/wp-json\/wp\/v2\/posts"}],"about":[{"href":"https:\/\/bangpremier.com.br\/index.php\/wp-json\/wp\/v2\/types\/post"}],"author":[{"embeddable":true,"href":"https:\/\/bangpremier.com.br\/index.php\/wp-json\/wp\/v2\/users\/1"}],"replies":[{"embeddable":true,"href":"https:\/\/bangpremier.com.br\/index.php\/wp-json\/wp\/v2\/comments?post=3159"}],"version-history":[{"count":1,"href":"https:\/\/bangpremier.com.br\/index.php\/wp-json\/wp\/v2\/posts\/3159\/revisions"}],"predecessor-version":[{"id":3161,"href":"https:\/\/bangpremier.com.br\/index.php\/wp-json\/wp\/v2\/posts\/3159\/revisions\/3161"}],"wp:featuredmedia":[{"embeddable":true,"href":"https:\/\/bangpremier.com.br\/index.php\/wp-json\/wp\/v2\/media\/3160"}],"wp:attachment":[{"href":"https:\/\/bangpremier.com.br\/index.php\/wp-json\/wp\/v2\/media?parent=3159"}],"wp:term":[{"taxonomy":"category","embeddable":true,"href":"https:\/\/bangpremier.com.br\/index.php\/wp-json\/wp\/v2\/categories?post=3159"},{"taxonomy":"post_tag","embeddable":true,"href":"https:\/\/bangpremier.com.br\/index.php\/wp-json\/wp\/v2\/tags?post=3159"}],"curies":[{"name":"wp","href":"https:\/\/api.w.org\/{rel}","templated":true}]}}