{"id":271,"date":"2024-10-16T13:54:06","date_gmt":"2024-10-16T13:54:06","guid":{"rendered":"https:\/\/bangpremier.com.br\/index.php\/2024\/05\/09\/marcos-pasquim-defende-personagens-sensuais-estavam-dentro-do-contexto\/"},"modified":"2024-10-16T13:54:06","modified_gmt":"2024-10-16T13:54:06","slug":"marcos-pasquim-defende-personagens-sensuais-estavam-dentro-do-contexto","status":"publish","type":"post","link":"https:\/\/bangpremier.com.br\/index.php\/2024\/10\/16\/marcos-pasquim-defende-personagens-sensuais-estavam-dentro-do-contexto\/","title":{"rendered":"Marcos Pasquim defende personagens sensuais: &#039;Estavam dentro do contexto&#039;"},"content":{"rendered":"<p><b>2024-05-09 08:15:22<\/b><br \/>\n<BR>Marcos Pasquim falou com bom humor sobre o r\u00f3tulo de &#8220;gal\u00e3 descamisado&#8221; que conquistou ap\u00f3s dar vida \u00e0 uma sequ\u00eancia de personagens sensuais.<BR><br \/>\nEm entrevista \u00e0 CARAS Brasil, o ator, conhecido por pap\u00e9is marcantes como Dom Pedro I, na aclamada miniss\u00e9rie &#8220;O Quinto dos Infernos&#8221; e Esteban, em &#8220;Kubanacan&#8221;, explicou que n\u00e3o se importa com a associa\u00e7\u00e3o ao estere\u00f3tipo. <BR><br \/>\n&#8220;Vejo de maneira muito tranquila. Fazia parte dos personagens, nunca liguei para isso. Sou ator e meu corpo \u00e9 meu instrumento de trabalho. Ali ficava sem camisa, mas se precisasse engordar para interpret\u00e1-los, tamb\u00e9m faria&#8221;, afirmou o astro, agora com 54 anos.<BR><br \/>\nO gal\u00e3 enfatizou que apenas seguiu o roteiro dos projetos em que esteve envolvido.<BR><br \/>\n&#8220;Os personagens estavam dentro do contexto, sempre muito ativos, com cenas de a\u00e7\u00e3o. Cabia o figurino com pouca roupa&#8221;, brincou.<br \/>\n<br \/><a href=\"https:\/\/bangpremier.com\/\" target=\"_blank\" rel=\"noopener\"> Visit Bang Premier (main website) <\/a><\/p>\n","protected":false},"excerpt":{"rendered":"<p>2024-05-09 08:15:22 Marcos Pasquim falou com bom humor sobre o r\u00f3tulo de &#8220;gal\u00e3 descamisado&#8221; que conquistou ap\u00f3s dar vida \u00e0 uma sequ\u00eancia de personagens sensuais. Em entrevista \u00e0 CARAS Brasil,&hellip;<\/p>\n","protected":false},"author":1,"featured_media":272,"comment_status":"closed","ping_status":"open","sticky":false,"template":"","format":"standard","meta":{"footnotes":""},"categories":[1],"tags":[],"class_list":["post-271","post","type-post","status-publish","format-standard","has-post-thumbnail","hentry","category-showbiz"],"_links":{"self":[{"href":"https:\/\/bangpremier.com.br\/index.php\/wp-json\/wp\/v2\/posts\/271","targetHints":{"allow":["GET"]}}],"collection":[{"href":"https:\/\/bangpremier.com.br\/index.php\/wp-json\/wp\/v2\/posts"}],"about":[{"href":"https:\/\/bangpremier.com.br\/index.php\/wp-json\/wp\/v2\/types\/post"}],"author":[{"embeddable":true,"href":"https:\/\/bangpremier.com.br\/index.php\/wp-json\/wp\/v2\/users\/1"}],"replies":[{"embeddable":true,"href":"https:\/\/bangpremier.com.br\/index.php\/wp-json\/wp\/v2\/comments?post=271"}],"version-history":[{"count":1,"href":"https:\/\/bangpremier.com.br\/index.php\/wp-json\/wp\/v2\/posts\/271\/revisions"}],"predecessor-version":[{"id":273,"href":"https:\/\/bangpremier.com.br\/index.php\/wp-json\/wp\/v2\/posts\/271\/revisions\/273"}],"wp:featuredmedia":[{"embeddable":true,"href":"https:\/\/bangpremier.com.br\/index.php\/wp-json\/wp\/v2\/media\/272"}],"wp:attachment":[{"href":"https:\/\/bangpremier.com.br\/index.php\/wp-json\/wp\/v2\/media?parent=271"}],"wp:term":[{"taxonomy":"category","embeddable":true,"href":"https:\/\/bangpremier.com.br\/index.php\/wp-json\/wp\/v2\/categories?post=271"},{"taxonomy":"post_tag","embeddable":true,"href":"https:\/\/bangpremier.com.br\/index.php\/wp-json\/wp\/v2\/tags?post=271"}],"curies":[{"name":"wp","href":"https:\/\/api.w.org\/{rel}","templated":true}]}}