{"id":2668,"date":"2025-11-13T11:17:01","date_gmt":"2025-11-13T11:17:01","guid":{"rendered":"https:\/\/bangpremier.com.br\/index.php\/2025\/11\/13\/adam-sandler-desabafa-sobre-novo-visual-sugerido-por-george-clooney-tem-sido-horrivel\/"},"modified":"2025-11-13T11:17:03","modified_gmt":"2025-11-13T11:17:03","slug":"adam-sandler-desabafa-sobre-novo-visual-sugerido-por-george-clooney-tem-sido-horrivel","status":"publish","type":"post","link":"https:\/\/bangpremier.com.br\/index.php\/2025\/11\/13\/adam-sandler-desabafa-sobre-novo-visual-sugerido-por-george-clooney-tem-sido-horrivel\/","title":{"rendered":"Adam Sandler desabafa sobre novo visual sugerido por George Clooney: \u2018Tem sido horr\u00edvel\u2019"},"content":{"rendered":"<p><b><\/b><br \/>\n<BR>Adam Sandler, 59, conhecido por seu estilo despojado, com camisetas largas e bermudas estampadas, confessou que est\u00e1 odiando o estilo mais formal que adotou\u00a0durante a divulga\u00e7\u00e3o de seu novo filme &#8220;Jay Kelly\u201d. <BR><br \/>\nEm entrevista ao Entertainment Tonight, o astro desabafou: \u201cTem sido horr\u00edvel. Eu n\u00e3o gosto da sensa\u00e7\u00e3o. Acho que s\u00f3 tenho tr\u00eas ternos diferentes, e n\u00e3o gosto de um deles. N\u00e3o suporto as cal\u00e7as, os palet\u00f3s, essas camisas idiotas. Odeio tudo isso.\u201d<BR><br \/>\nSeu colega de elenco, George Clooney, revelou em entrevista \u00e0 revista People que foi o respons\u00e1vel por convencer o amigo a adotar o novo visual.<BR><br \/>\n\u201cFui eu quem falei para o Adam usar ternos. N\u00e3o acham que ele est\u00e1 mais elegante assim, em vez de usar aquelas bermudas folgadas?\u201d, brincou o ator.\u00a0<BR><br \/>\n\u201cEu o amo. Ele \u00e9 o homem mais doce do mundo, um grande amigo, foi maravilhoso poder trabalhar com ele novamente.\u201d<BR><br \/>\nO filme acompanha o famoso ator Jay Kelly (George Clooney) e seu empres\u00e1rio Ron (Adam Sandler) em uma intensa jornada de descobertas durante uma viagem pela Europa.<BR><br \/>\nO longa estreia em cinemas selecionados em 20 de novembro e estar\u00e1 dispon\u00edvel no cat\u00e1logo da Netflix a partir de 5 de dezembro.<br \/>\n<br \/><a href=\"https:\/\/bangpremier.com\/\" target=\"_blank\"> Visit Bang Premier (main website) <\/a><br \/>\n<br \/><script src=\"https:\/\/geo.dailymotion.com\/player\/xgs2h.js\" data-video=\"\"><\/script><\/p>\n","protected":false},"excerpt":{"rendered":"<p>Adam Sandler, 59, conhecido por seu estilo despojado, com camisetas largas e bermudas estampadas, confessou que est\u00e1 odiando o estilo mais formal que adotou\u00a0durante a divulga\u00e7\u00e3o de seu novo filme&hellip;<\/p>\n","protected":false},"author":1,"featured_media":2235,"comment_status":"closed","ping_status":"open","sticky":false,"template":"","format":"standard","meta":{"footnotes":""},"categories":[1],"tags":[],"class_list":["post-2668","post","type-post","status-publish","format-standard","has-post-thumbnail","hentry","category-showbiz"],"_links":{"self":[{"href":"https:\/\/bangpremier.com.br\/index.php\/wp-json\/wp\/v2\/posts\/2668","targetHints":{"allow":["GET"]}}],"collection":[{"href":"https:\/\/bangpremier.com.br\/index.php\/wp-json\/wp\/v2\/posts"}],"about":[{"href":"https:\/\/bangpremier.com.br\/index.php\/wp-json\/wp\/v2\/types\/post"}],"author":[{"embeddable":true,"href":"https:\/\/bangpremier.com.br\/index.php\/wp-json\/wp\/v2\/users\/1"}],"replies":[{"embeddable":true,"href":"https:\/\/bangpremier.com.br\/index.php\/wp-json\/wp\/v2\/comments?post=2668"}],"version-history":[{"count":1,"href":"https:\/\/bangpremier.com.br\/index.php\/wp-json\/wp\/v2\/posts\/2668\/revisions"}],"predecessor-version":[{"id":2669,"href":"https:\/\/bangpremier.com.br\/index.php\/wp-json\/wp\/v2\/posts\/2668\/revisions\/2669"}],"wp:featuredmedia":[{"embeddable":true,"href":"https:\/\/bangpremier.com.br\/index.php\/wp-json\/wp\/v2\/media\/2235"}],"wp:attachment":[{"href":"https:\/\/bangpremier.com.br\/index.php\/wp-json\/wp\/v2\/media?parent=2668"}],"wp:term":[{"taxonomy":"category","embeddable":true,"href":"https:\/\/bangpremier.com.br\/index.php\/wp-json\/wp\/v2\/categories?post=2668"},{"taxonomy":"post_tag","embeddable":true,"href":"https:\/\/bangpremier.com.br\/index.php\/wp-json\/wp\/v2\/tags?post=2668"}],"curies":[{"name":"wp","href":"https:\/\/api.w.org\/{rel}","templated":true}]}}