{"id":2371,"date":"2025-10-16T10:22:04","date_gmt":"2025-10-16T10:22:04","guid":{"rendered":"https:\/\/bangpremier.com.br\/index.php\/2025\/10\/16\/ja-sou-tao-atacado-diz-wagner-moura-ao-explicar-por-que-nunca-tera-redes-sociais\/"},"modified":"2025-10-16T10:22:05","modified_gmt":"2025-10-16T10:22:05","slug":"ja-sou-tao-atacado-diz-wagner-moura-ao-explicar-por-que-nunca-tera-redes-sociais","status":"publish","type":"post","link":"https:\/\/bangpremier.com.br\/index.php\/2025\/10\/16\/ja-sou-tao-atacado-diz-wagner-moura-ao-explicar-por-que-nunca-tera-redes-sociais\/","title":{"rendered":"&#039;J\u00e1 sou t\u00e3o atacado&#039;, diz Wagner Moura ao explicar por que nunca ter\u00e1 redes sociais"},"content":{"rendered":"<p><b><\/b><br \/>\n<BR>Wagner Moura, 49, afirmou que n\u00e3o pretende criar perfis em redes sociais e que se sente &#8220;muito feliz&#8221; por manter dist\u00e2ncia do universo digital. O ator de &#8220;Narcos&#8221; explicou que a decis\u00e3o partiu inicialmente se sua rejei\u00e7\u00e3o \u00e0 cultura da autopromo\u00e7\u00e3o.<BR><br \/>\n&#8220;Quando come\u00e7ou o neg\u00f3cio de rede social, eu n\u00e3o me interessei por aquilo. Primeiro, eu n\u00e3o entendia o que isso ia virar. Acho que ningu\u00e9m tamb\u00e9m entendia na \u00e9poca. E eu, no come\u00e7o, o que parecia para mim, assim, eram as pessoas se autopromovendo. A ideia que eu tinha era que parecia uma revista autoeditada. E eu n\u00e3o tinha interesse nenhum naquilo&#8221;, admitiu o astro entrevista ao portal Hugo Gloss.<BR><br \/>\nO artista disse entender que as plataformas t\u00eam outras fun\u00e7\u00f5es, mas manteve sua escolha de ficar fora delas devido aos ataques que costumam ocorrer nesses espa\u00e7os. <BR><br \/>\n&#8220;Depois eu comecei a ver que a rede social tem outras camadas e outras coisas. Voc\u00ea tem uma plataforma para voc\u00ea dizer o que voc\u00ea quer. Sem intermedi\u00e1rios. E eu, uma \u00e9poca, fiquei: &#8216;p\u00f4, ser\u00e1?&#8217;. Mas eu tamb\u00e9m n\u00e3o tenho voca\u00e7\u00e3o para isso. Eu acho que eu me preservo tamb\u00e9m muito de maluquice, de vaidade. Da pol\u00edtica, dos ataques. Eu j\u00e1 sou t\u00e3o atacado pela forma como eu me coloco politicamente. Imagina se eu for parar para ler o que as pessoas me dizem? Ent\u00e3o, eu acho que eu me preservo. E eu sou muito feliz assim.&#8221;<BR><br \/>\nQuestionado se algum dia mudaria de ideia, o \u00edcone das telonas, cotado para uma indica\u00e7\u00e3o ao Oscar por seu papel em &#8216;O Agente Secreto&#8217;, foi categ\u00f3rico: &#8220;Nunca. Eu tenho 49 anos, cara. Imagina, eu come\u00e7ar a entrar na rede social. Tem coisa que n\u00e3o d\u00e1 mais&#8221;, brincou.<BR><br \/>\nWagner lamentou que as redes tenham se tornado praticamente essenciais para jovens atores que buscam espa\u00e7o na ind\u00fastria. &#8220;Eu entendo que, por exemplo, que a rede social j\u00e1 virou uma coisa importante para um ator que est\u00e1 come\u00e7ando. Que ele tem que ter aquilo para poder ser chamado. E eu acho isso uma coisa muito lament\u00e1vel. Porque deixou de ser o valor que aquele artista tem para ser a presen\u00e7a online. N\u00e3o \u00e9 disso que se trata esse trabalho que a gente faz.&#8221;<br \/>\n<br \/><a href=\"https:\/\/bangpremier.com\/\" target=\"_blank\"> Visit Bang Premier (main website) <\/a><br \/>\n<br \/><script src=\"https:\/\/geo.dailymotion.com\/player\/xgs2h.js\" data-video=\"\"><\/script><\/p>\n","protected":false},"excerpt":{"rendered":"<p>Wagner Moura, 49, afirmou que n\u00e3o pretende criar perfis em redes sociais e que se sente &#8220;muito feliz&#8221; por manter dist\u00e2ncia do universo digital. O ator de &#8220;Narcos&#8221; explicou que&hellip;<\/p>\n","protected":false},"author":1,"featured_media":1806,"comment_status":"closed","ping_status":"open","sticky":false,"template":"","format":"standard","meta":{"footnotes":""},"categories":[1],"tags":[],"class_list":["post-2371","post","type-post","status-publish","format-standard","has-post-thumbnail","hentry","category-showbiz"],"_links":{"self":[{"href":"https:\/\/bangpremier.com.br\/index.php\/wp-json\/wp\/v2\/posts\/2371","targetHints":{"allow":["GET"]}}],"collection":[{"href":"https:\/\/bangpremier.com.br\/index.php\/wp-json\/wp\/v2\/posts"}],"about":[{"href":"https:\/\/bangpremier.com.br\/index.php\/wp-json\/wp\/v2\/types\/post"}],"author":[{"embeddable":true,"href":"https:\/\/bangpremier.com.br\/index.php\/wp-json\/wp\/v2\/users\/1"}],"replies":[{"embeddable":true,"href":"https:\/\/bangpremier.com.br\/index.php\/wp-json\/wp\/v2\/comments?post=2371"}],"version-history":[{"count":1,"href":"https:\/\/bangpremier.com.br\/index.php\/wp-json\/wp\/v2\/posts\/2371\/revisions"}],"predecessor-version":[{"id":2372,"href":"https:\/\/bangpremier.com.br\/index.php\/wp-json\/wp\/v2\/posts\/2371\/revisions\/2372"}],"wp:featuredmedia":[{"embeddable":true,"href":"https:\/\/bangpremier.com.br\/index.php\/wp-json\/wp\/v2\/media\/1806"}],"wp:attachment":[{"href":"https:\/\/bangpremier.com.br\/index.php\/wp-json\/wp\/v2\/media?parent=2371"}],"wp:term":[{"taxonomy":"category","embeddable":true,"href":"https:\/\/bangpremier.com.br\/index.php\/wp-json\/wp\/v2\/categories?post=2371"},{"taxonomy":"post_tag","embeddable":true,"href":"https:\/\/bangpremier.com.br\/index.php\/wp-json\/wp\/v2\/tags?post=2371"}],"curies":[{"name":"wp","href":"https:\/\/api.w.org\/{rel}","templated":true}]}}