{"id":2348,"date":"2025-10-15T08:15:38","date_gmt":"2025-10-15T08:15:38","guid":{"rendered":"https:\/\/bangpremier.com.br\/index.php\/2025\/10\/15\/victoria-beckham-fala-sobre-transtorno-alimentar-e-revela-conversa-com-a-filha\/"},"modified":"2025-10-15T08:15:40","modified_gmt":"2025-10-15T08:15:40","slug":"victoria-beckham-fala-sobre-transtorno-alimentar-e-revela-conversa-com-a-filha","status":"publish","type":"post","link":"https:\/\/bangpremier.com.br\/index.php\/2025\/10\/15\/victoria-beckham-fala-sobre-transtorno-alimentar-e-revela-conversa-com-a-filha\/","title":{"rendered":"Victoria Beckham fala sobre transtorno alimentar e revela conversa com a filha"},"content":{"rendered":"<p><b><\/b><br \/>\n<BR>A estilista Victoria Beckham, 51, revelou que teve uma conversa franca com a filha ca\u00e7ula, Harper, 14, sobre o transtorno alimentar que enfrentou no passado. A ex-Spice Girl aborda o assunto delicado pela primeira vez em sua nova s\u00e9rie documental da Netflix, \u201cVictoria Beckham\u201d, e explicou que quis falar com a menina antes do lan\u00e7amento do programa.<BR><br \/>\n\u201cN\u00f3s tivemos uma conversa muito sincera e eu expliquei que, quando voc\u00ea tem problemas com comida, isso consome tudo. \u00c9 triste. \u00c9 uma posi\u00e7\u00e3o muito solit\u00e1ria. Achei importante que ela ouvisse isso de mim antes de ver nas telas&#8221;, relatou Victoria em entrevista ao jornal brit\u00e2nico Daily Mail.<BR><br \/>\nCasada com o ex-jogador de futebol David Beckham, a designer afirmou que deseja que a filha mantenha uma rela\u00e7\u00e3o saud\u00e1vel com a alimenta\u00e7\u00e3o, e disse acreditar que essa \u00e9 uma preocupa\u00e7\u00e3o comum entre as m\u00e3es de meninas. &#8220;J\u00e1 falamos sobre alimenta\u00e7\u00e3o h\u00e1 algum tempo, porque uma coisa que n\u00e3o parece mudar \u00e9 que meninas pensam muito sobre isso enquanto crescem, quando o corpo muda e passam pela puberdade\u201d, declarou.<BR><br \/>\n&#8220;Meu desejo para Harper \u00e9 que ela tenha uma rela\u00e7\u00e3o saud\u00e1vel com a comida, que se alimente de forma equilibrada. Todos n\u00f3s gostamos de nos permitir algumas indulg\u00eancias, mas \u00e9 uma quest\u00e3o de equil\u00edbrio. Harper tamb\u00e9m \u00e9 muito ativa e pratica v\u00e1rios esportes, mas j\u00e1 conversamos sobre alimenta\u00e7\u00e3o antes, porque \u00e9 um tema muito presente na escola.&#8221;<BR><br \/>\nA s\u00e9rie revisita momentos marcantes da vida de Victoria, como o epis\u00f3dio em que ela foi pesada ao vivo durante participa\u00e7\u00e3o em um programa de TV brit\u00e2nico, apenas dois meses ap\u00f3s dar \u00e0 luz seu primeiro filho, Brooklyn, hoje com 26 anos. &#8220;Meus filhos ficaram realmente chocados com o que viram no document\u00e1rio. Isso n\u00e3o aconteceria hoje em dia. A verdade \u00e9 que doeu demais. Palavras podem machucar as pessoas. Eu sempre digo isso. As palavras t\u00eam poder, e voc\u00ea precisa pensar bem sobre o que diz. Nunca tinha falado sobre isso antes.&#8221;<BR><br \/>\nA ex-cantora, que tamb\u00e9m \u00e9 m\u00e3e de Romeo, 23, e Cruz, 20, disse que resolveu compartilhar sua experi\u00eancia para ajudar outras pessoas. &#8220;Nunca quero passar a impress\u00e3o de que estou reclamando. Sempre aprendi a aceitar as coisas de cabe\u00e7a erguida. Sempre me disseram para manter a classe, e acho que \u00e9 algo que sempre segui. Mas agora me pareceu o momento certo. O mundo \u00e9 muito diferente hoje, e acredito que muitas mulheres podem se identificar.&#8221;<BR><br \/>\n&#8220;Eu sentia vergonha, sabe? A gente aprende a esconder e mentir sobre essas coisas. Eu estava nervosa para falar sobre isso. Claro que estava, porque as pessoas comentam sobre meu peso desde que eu era muito jovem, antes mesmo de ser famosa. Mas agora tenho uma filha, e acho que falar sobre isso \u00e9 realmente importante. Estamos muito mais conscientes sobre sa\u00fade mental. E eu espero que as pessoas me ou\u00e7am.&#8221;<br \/>\n<br \/><a href=\"https:\/\/bangpremier.com\/\" target=\"_blank\"> Visit Bang Premier (main website) <\/a><br \/>\n<br \/><script src=\"https:\/\/geo.dailymotion.com\/player\/xgs2h.js\" data-video=\"\"><\/script><\/p>\n","protected":false},"excerpt":{"rendered":"<p>A estilista Victoria Beckham, 51, revelou que teve uma conversa franca com a filha ca\u00e7ula, Harper, 14, sobre o transtorno alimentar que enfrentou no passado. A ex-Spice Girl aborda o&hellip;<\/p>\n","protected":false},"author":1,"featured_media":2349,"comment_status":"closed","ping_status":"open","sticky":false,"template":"","format":"standard","meta":{"footnotes":""},"categories":[1],"tags":[],"class_list":["post-2348","post","type-post","status-publish","format-standard","has-post-thumbnail","hentry","category-showbiz"],"_links":{"self":[{"href":"https:\/\/bangpremier.com.br\/index.php\/wp-json\/wp\/v2\/posts\/2348","targetHints":{"allow":["GET"]}}],"collection":[{"href":"https:\/\/bangpremier.com.br\/index.php\/wp-json\/wp\/v2\/posts"}],"about":[{"href":"https:\/\/bangpremier.com.br\/index.php\/wp-json\/wp\/v2\/types\/post"}],"author":[{"embeddable":true,"href":"https:\/\/bangpremier.com.br\/index.php\/wp-json\/wp\/v2\/users\/1"}],"replies":[{"embeddable":true,"href":"https:\/\/bangpremier.com.br\/index.php\/wp-json\/wp\/v2\/comments?post=2348"}],"version-history":[{"count":1,"href":"https:\/\/bangpremier.com.br\/index.php\/wp-json\/wp\/v2\/posts\/2348\/revisions"}],"predecessor-version":[{"id":2350,"href":"https:\/\/bangpremier.com.br\/index.php\/wp-json\/wp\/v2\/posts\/2348\/revisions\/2350"}],"wp:featuredmedia":[{"embeddable":true,"href":"https:\/\/bangpremier.com.br\/index.php\/wp-json\/wp\/v2\/media\/2349"}],"wp:attachment":[{"href":"https:\/\/bangpremier.com.br\/index.php\/wp-json\/wp\/v2\/media?parent=2348"}],"wp:term":[{"taxonomy":"category","embeddable":true,"href":"https:\/\/bangpremier.com.br\/index.php\/wp-json\/wp\/v2\/categories?post=2348"},{"taxonomy":"post_tag","embeddable":true,"href":"https:\/\/bangpremier.com.br\/index.php\/wp-json\/wp\/v2\/tags?post=2348"}],"curies":[{"name":"wp","href":"https:\/\/api.w.org\/{rel}","templated":true}]}}