{"id":1973,"date":"2025-09-09T18:46:14","date_gmt":"2025-09-09T18:46:14","guid":{"rendered":"https:\/\/bangpremier.com.br\/index.php\/2025\/09\/09\/whindersson-nunes-abre-o-jogo-sobre-divorcio-de-luisa-sonza-confusao-veio-depois\/"},"modified":"2025-09-09T18:46:16","modified_gmt":"2025-09-09T18:46:16","slug":"whindersson-nunes-abre-o-jogo-sobre-divorcio-de-luisa-sonza-confusao-veio-depois","status":"publish","type":"post","link":"https:\/\/bangpremier.com.br\/index.php\/2025\/09\/09\/whindersson-nunes-abre-o-jogo-sobre-divorcio-de-luisa-sonza-confusao-veio-depois\/","title":{"rendered":"Whindersson Nunes abre o jogo sobre div\u00f3rcio de Lu\u00edsa Sonza: &#039;Confus\u00e3o veio depois`"},"content":{"rendered":"<p><b><\/b><br \/>\n<BR>Whindersson Nunes, 30, abriu o cora\u00e7\u00e3o sobre o fim de seu casamento com Luisa Sonza, 27, durante participa\u00e7\u00e3o no programa De Frente com Bloguerinha, na \u00faltima segunda-feira (8).<BR><br \/>\nO humorista e a cantora foram casados por dois anos, de  2018 a 2020, e ele revelou que o processo de div\u00f3rcio foi \u201ctranquilo\u201d, apesar de o assunto ter gerado grande repercuss\u00e3o na \u00e9poca. <BR><br \/>\n\u201cN\u00e3o foi dif\u00edcil, porque a gente terminou tranquilo. A confus\u00e3o foi depois, com as pessoas, mas terminamos tranquilo&#8221;, revelou.<BR><br \/>\nWhindersson contou que a decis\u00e3o de terminar o casamento partiu dele ap\u00f3s a rela\u00e7\u00e3o ficar \u201csem gra\u00e7a\u201d.<BR><br \/>\n\u201cA gente n\u00e3o tinha mais aquela coisa de casado. Pareciam dois primos conversando dentro de casa\u201d, disparou.<BR><br \/>\nEle ainda falou sobre os rumores de trai\u00e7\u00e3o envolvendo Luisa e o cantor Vit\u00e3o: &#8220;Eu perguntei se ela gostava dele antes de terminar comigo. Ela falou que n\u00e3o, que estava de boa, que era s\u00f3 trabalhar mesmo e tudo mais. Essa foi a resposta.&#8221;<BR><br \/>\nAp\u00f3s o t\u00e9rmino do casamento, Luisa assumiu um relacionamento com Vit\u00e3o, com quem permaneceu at\u00e9 agosto de 2021. <BR><br \/>\nAinda sobre seus relacionamentos, Whindersson falou sobre a ex-noiva, Maria Lina. O casal se separou em agosto de 2021, pouco ap\u00f3s a morte de seu filho Jo\u00e3o Miguel, que nasceu prematuro com apenas 22 semanas.<BR><br \/>\nO artista revelou que n\u00e3o descarta uma poss\u00edvel reconcilia\u00e7\u00e3o com Maria: &#8220;Eu tenho esse carinho, voltaria, sim. Hipoteticamente, n\u00e3o que eu tenha vontade. Tenho mem\u00f3rias boas com a Maria, coisas boas.\u201d<br \/>\n<br \/><a href=\"https:\/\/bangpremier.com\/\" target=\"_blank\"> Visit Bang Premier (main website) <\/a><br \/>\n<br \/><script src=\"https:\/\/geo.dailymotion.com\/player\/xgs2h.js\" data-video=\"\"><\/script><\/p>\n","protected":false},"excerpt":{"rendered":"<p>Whindersson Nunes, 30, abriu o cora\u00e7\u00e3o sobre o fim de seu casamento com Luisa Sonza, 27, durante participa\u00e7\u00e3o no programa De Frente com Bloguerinha, na \u00faltima segunda-feira (8). O humorista&hellip;<\/p>\n","protected":false},"author":1,"featured_media":1974,"comment_status":"closed","ping_status":"open","sticky":false,"template":"","format":"standard","meta":{"footnotes":""},"categories":[1],"tags":[],"class_list":["post-1973","post","type-post","status-publish","format-standard","has-post-thumbnail","hentry","category-showbiz"],"_links":{"self":[{"href":"https:\/\/bangpremier.com.br\/index.php\/wp-json\/wp\/v2\/posts\/1973","targetHints":{"allow":["GET"]}}],"collection":[{"href":"https:\/\/bangpremier.com.br\/index.php\/wp-json\/wp\/v2\/posts"}],"about":[{"href":"https:\/\/bangpremier.com.br\/index.php\/wp-json\/wp\/v2\/types\/post"}],"author":[{"embeddable":true,"href":"https:\/\/bangpremier.com.br\/index.php\/wp-json\/wp\/v2\/users\/1"}],"replies":[{"embeddable":true,"href":"https:\/\/bangpremier.com.br\/index.php\/wp-json\/wp\/v2\/comments?post=1973"}],"version-history":[{"count":1,"href":"https:\/\/bangpremier.com.br\/index.php\/wp-json\/wp\/v2\/posts\/1973\/revisions"}],"predecessor-version":[{"id":1975,"href":"https:\/\/bangpremier.com.br\/index.php\/wp-json\/wp\/v2\/posts\/1973\/revisions\/1975"}],"wp:featuredmedia":[{"embeddable":true,"href":"https:\/\/bangpremier.com.br\/index.php\/wp-json\/wp\/v2\/media\/1974"}],"wp:attachment":[{"href":"https:\/\/bangpremier.com.br\/index.php\/wp-json\/wp\/v2\/media?parent=1973"}],"wp:term":[{"taxonomy":"category","embeddable":true,"href":"https:\/\/bangpremier.com.br\/index.php\/wp-json\/wp\/v2\/categories?post=1973"},{"taxonomy":"post_tag","embeddable":true,"href":"https:\/\/bangpremier.com.br\/index.php\/wp-json\/wp\/v2\/tags?post=1973"}],"curies":[{"name":"wp","href":"https:\/\/api.w.org\/{rel}","templated":true}]}}