{"id":1921,"date":"2025-09-03T15:18:03","date_gmt":"2025-09-03T15:18:03","guid":{"rendered":"https:\/\/bangpremier.com.br\/index.php\/2025\/09\/03\/gominho-desabafa-apos-roubo-de-presente-dado-por-preta-gil-faca-bom-proveito\/"},"modified":"2025-09-03T15:18:05","modified_gmt":"2025-09-03T15:18:05","slug":"gominho-desabafa-apos-roubo-de-presente-dado-por-preta-gil-faca-bom-proveito","status":"publish","type":"post","link":"https:\/\/bangpremier.com.br\/index.php\/2025\/09\/03\/gominho-desabafa-apos-roubo-de-presente-dado-por-preta-gil-faca-bom-proveito\/","title":{"rendered":"Gominho desabafa ap\u00f3s roubo de presente dado por Preta Gil: &#039;Fa\u00e7a bom proveito&#039;"},"content":{"rendered":"<p><b><\/b><br \/>\n<BR>Gominho, 36, usou as redes sociais para fazer um desabafo ap\u00f3s roubarem um presente dado por sua grande amiga Preta Gil, que faleceu em julho deste ano, v\u00edtima de um c\u00e2ncer.<BR><br \/>\nO apresentador compartilhou no X (antigo Twitter) uma imagem em que aparece usando um \u00f3culos grande, durante uma entrevista com a cantora Anitta.<BR><br \/>\nNa legenda, ele escreveu: &#8220;Quem pegou meu \u00f3culos da Gucci que Preta me deu 3 anos atr\u00e1s hoje no samba, fa\u00e7a bom proveito! N\u00e3o sou apegado \u00e0s coisas e na vida a gente \u00e9 o que a gente faz!!&#8221;. <BR><br \/>\nA grande amizade entre Preta e Gominho cativou muitas pessoas, j\u00e1 que o influenciador deixou a vida pessoal e a carreira em segundo plano para cuidar da amiga, quando ela recebeu o diagn\u00f3stico em janeiro de 2023.<BR><br \/>\nO roubo do \u00f3culos, pe\u00e7a com grande valor sentimental para Gominho, gerou indigna\u00e7\u00e3o dos internautas. <BR><br \/>\n\u201cN\u00e3o sei se teria a mesma evolu\u00e7\u00e3o\u201d, comentou uma das seguidoras.<BR><br \/>\n\u201cAmor depois de perder uma amiga irm\u00e3 para um c\u00e2ncer, n\u00e3o vai ser um \u00f3culos que vai me desequilibrar\u201d, Gominho respondeu.<BR><br \/>\nPreta faleceu no dia 20 de julho, aos 50 anos, ap\u00f3s complica\u00e7\u00f5es de um c\u00e2ncer no intestino, tamb\u00e9m conhecido como c\u00e2ncer de c\u00f3lon. Gominho esteve ao lado da artista durante todo o per\u00edodo em que ela lutou contra a doen\u00e7a.<br \/>\n<br \/><a href=\"https:\/\/bangpremier.com\/\" target=\"_blank\"> Visit Bang Premier (main website) <\/a><br \/>\n<br \/><script src=\"https:\/\/geo.dailymotion.com\/player\/xgs2h.js\" data-video=\"\"><\/script><\/p>\n","protected":false},"excerpt":{"rendered":"<p>Gominho, 36, usou as redes sociais para fazer um desabafo ap\u00f3s roubarem um presente dado por sua grande amiga Preta Gil, que faleceu em julho deste ano, v\u00edtima de um&hellip;<\/p>\n","protected":false},"author":1,"featured_media":1648,"comment_status":"closed","ping_status":"open","sticky":false,"template":"","format":"standard","meta":{"footnotes":""},"categories":[1],"tags":[],"class_list":["post-1921","post","type-post","status-publish","format-standard","has-post-thumbnail","hentry","category-showbiz"],"_links":{"self":[{"href":"https:\/\/bangpremier.com.br\/index.php\/wp-json\/wp\/v2\/posts\/1921","targetHints":{"allow":["GET"]}}],"collection":[{"href":"https:\/\/bangpremier.com.br\/index.php\/wp-json\/wp\/v2\/posts"}],"about":[{"href":"https:\/\/bangpremier.com.br\/index.php\/wp-json\/wp\/v2\/types\/post"}],"author":[{"embeddable":true,"href":"https:\/\/bangpremier.com.br\/index.php\/wp-json\/wp\/v2\/users\/1"}],"replies":[{"embeddable":true,"href":"https:\/\/bangpremier.com.br\/index.php\/wp-json\/wp\/v2\/comments?post=1921"}],"version-history":[{"count":1,"href":"https:\/\/bangpremier.com.br\/index.php\/wp-json\/wp\/v2\/posts\/1921\/revisions"}],"predecessor-version":[{"id":1922,"href":"https:\/\/bangpremier.com.br\/index.php\/wp-json\/wp\/v2\/posts\/1921\/revisions\/1922"}],"wp:featuredmedia":[{"embeddable":true,"href":"https:\/\/bangpremier.com.br\/index.php\/wp-json\/wp\/v2\/media\/1648"}],"wp:attachment":[{"href":"https:\/\/bangpremier.com.br\/index.php\/wp-json\/wp\/v2\/media?parent=1921"}],"wp:term":[{"taxonomy":"category","embeddable":true,"href":"https:\/\/bangpremier.com.br\/index.php\/wp-json\/wp\/v2\/categories?post=1921"},{"taxonomy":"post_tag","embeddable":true,"href":"https:\/\/bangpremier.com.br\/index.php\/wp-json\/wp\/v2\/tags?post=1921"}],"curies":[{"name":"wp","href":"https:\/\/api.w.org\/{rel}","templated":true}]}}