{"id":1889,"date":"2025-09-01T09:12:44","date_gmt":"2025-09-01T09:12:44","guid":{"rendered":"https:\/\/bangpremier.com.br\/index.php\/2025\/09\/01\/esposa-de-bruce-willis-rebate-criticas-apos-anunciar-que-nao-mora-mais-com-ator\/"},"modified":"2025-09-01T09:12:46","modified_gmt":"2025-09-01T09:12:46","slug":"esposa-de-bruce-willis-rebate-criticas-apos-anunciar-que-nao-mora-mais-com-ator","status":"publish","type":"post","link":"https:\/\/bangpremier.com.br\/index.php\/2025\/09\/01\/esposa-de-bruce-willis-rebate-criticas-apos-anunciar-que-nao-mora-mais-com-ator\/","title":{"rendered":"Esposa de Bruce Willis rebate cr\u00edticas ap\u00f3s anunciar que n\u00e3o mora mais com ator"},"content":{"rendered":"<p><b><\/b><br \/>\n<BR>Emma Heming Willis, 47, falou abertamente sobre as cr\u00edticas que recebeu ap\u00f3s sua decis\u00e3o de transferir o marido, o ator Bruce Willis, 70, para outra resid\u00eancia em meio \u00e0 luta do astro contra a dem\u00eancia frontotemporal. Desde que foi diagnosticado com a condi\u00e7\u00e3o em 2023, Bruce vem sendo cuidado pela fam\u00edlia.<BR><br \/>\n<BR><br \/>\nEm entrevista ao especial da emissora ABC, &#8220;Emma and Bruce Willis: The Unexpected Journey with Diane Sawyer&#8221;, a modelo revelou que optou por instalar o marido em uma casa sem escadas, com equipe de cuidados em tempo integral, para que ele recebesse o devido tratamento 24 horas por dia.<BR><br \/>\n<BR><br \/>\nPoucos dias depois da exibi\u00e7\u00e3o do programa, Emma publicou um v\u00eddeo no Instagram comentando a repercuss\u00e3o: &#8220;Eu acho que eles fizeram um trabalho lindo ao ampliar a conscientiza\u00e7\u00e3o sobre a DFT (dem\u00eancia frontotemporal), al\u00e9m de lan\u00e7ar luz sobre os cuidadores. O que eu sabia \u00e9 que, ao compartilhar algumas das nossas informa\u00e7\u00f5es mais \u00edntimas, ver\u00edamos dois grupos. Seriam pessoas com uma opini\u00e3o versus pessoas com uma experi\u00eancia real. [Eu j\u00e1 previa que] pessoas com uma opini\u00e3o s\u00e3o r\u00e1pidas em julgar o cuidador. \u00c9 isso que os cuidadores enfrentam: julgamento e cr\u00edticas dos outros&#8221;, come\u00e7ou ela.<BR><br \/>\n<BR><br \/>\nEmma acrescentou que s\u00f3 quem vive a rotina de cuidar realmente entende a realidade. &#8220;Nada muda uma opini\u00e3o de forma t\u00e3o poderosa quanto quando voc\u00ea tem uma experi\u00eancia. Mesmo que algu\u00e9m conhe\u00e7a bem a dem\u00eancia ou a condi\u00e7\u00e3o de quem voc\u00ea cuida, essa pessoa n\u00e3o est\u00e1 dentro da sua casa, n\u00e3o sabe como o seu ente querido se comporta ou como \u00e9 a din\u00e2mica da sua fam\u00edlia. A verdade \u00e9 que as opini\u00f5es s\u00e3o muito barulhentas. Mas quem n\u00e3o tem essa experi\u00eancia n\u00e3o tem direito de opinar e, definitivamente, n\u00e3o tem poder de voto.&#8221;<BR><br \/>\n<BR><br \/>\nNa legenda da publica\u00e7\u00e3o, Emma refor\u00e7ou: &#8220;Muito frequentemente, cuidadores s\u00e3o julgados r\u00e1pida e injustamente por aqueles que n\u00e3o viveram essa jornada ou n\u00e3o estiveram na linha de frente dela. Compartilhar abertamente pode abrir espa\u00e7o para opini\u00f5es, mas, mais importante do que isso, cria conex\u00e3o e valida\u00e7\u00e3o para quem realmente enfrenta a realidade de cuidar no dia a dia. \u00c9 por essas pessoas que compartilho, para poder construir uma conex\u00e3o mais profunda com uma comunidade que entende essa jornada.&#8221;<BR><br \/>\n<BR><br \/>\nNo programa especial, Emma explicou que mudar Bruce para uma propriedade longe das duas filhas do casal, Mabel, 13, e Evelyn, 11, foi &#8220;uma das decis\u00f5es mais dif\u00edceis&#8221; de sua vida. &#8220;Eu sabia, antes de tudo, que Bruce desejaria isso para nossas filhas. Ele gostaria que elas estivessem em uma casa mais adequada \u00e0s necessidades delas, n\u00e3o \u00e0s dele&#8221;, afirmou a estrela, visivelmente emocionada.<BR><br \/>\n<BR><br \/>\nA esposa do astro de &#8220;Duro de Matar&#8221; reiterou que as filhas ainda passam muito tempo com o pai, e o acompanham em suas principais refei\u00e7\u00f5es.<BR><br \/>\n<BR><br \/>\nAl\u00e9m das duas filhas com Emma, o Bruce \u00e9 pai de outras tr\u00eas mulheres, frutos do casamento com a atriz Demi Moore, 62: Rumer, 37, Scout, 34, e Tallulah, 31.<BR><br \/>\n<BR><br \/>\nA dem\u00eancia frontotemporal \u00e9 uma condi\u00e7\u00e3o neurodegenerativa progressiva que atinge \u00e1reas do c\u00e9rebro ligadas ao comportamento, \u00e0 linguagem e \u00e0 tomada de decis\u00f5es.<br \/>\n<br \/><a href=\"https:\/\/bangpremier.com\/\" target=\"_blank\"> Visit Bang Premier (main website) <\/a><br \/>\n<br \/><script src=\"https:\/\/geo.dailymotion.com\/player\/xgs2h.js\" data-video=\"\"><\/script><\/p>\n","protected":false},"excerpt":{"rendered":"<p>Emma Heming Willis, 47, falou abertamente sobre as cr\u00edticas que recebeu ap\u00f3s sua decis\u00e3o de transferir o marido, o ator Bruce Willis, 70, para outra resid\u00eancia em meio \u00e0 luta&hellip;<\/p>\n","protected":false},"author":1,"featured_media":1890,"comment_status":"closed","ping_status":"open","sticky":false,"template":"","format":"standard","meta":{"footnotes":""},"categories":[1],"tags":[],"class_list":["post-1889","post","type-post","status-publish","format-standard","has-post-thumbnail","hentry","category-showbiz"],"_links":{"self":[{"href":"https:\/\/bangpremier.com.br\/index.php\/wp-json\/wp\/v2\/posts\/1889","targetHints":{"allow":["GET"]}}],"collection":[{"href":"https:\/\/bangpremier.com.br\/index.php\/wp-json\/wp\/v2\/posts"}],"about":[{"href":"https:\/\/bangpremier.com.br\/index.php\/wp-json\/wp\/v2\/types\/post"}],"author":[{"embeddable":true,"href":"https:\/\/bangpremier.com.br\/index.php\/wp-json\/wp\/v2\/users\/1"}],"replies":[{"embeddable":true,"href":"https:\/\/bangpremier.com.br\/index.php\/wp-json\/wp\/v2\/comments?post=1889"}],"version-history":[{"count":1,"href":"https:\/\/bangpremier.com.br\/index.php\/wp-json\/wp\/v2\/posts\/1889\/revisions"}],"predecessor-version":[{"id":1891,"href":"https:\/\/bangpremier.com.br\/index.php\/wp-json\/wp\/v2\/posts\/1889\/revisions\/1891"}],"wp:featuredmedia":[{"embeddable":true,"href":"https:\/\/bangpremier.com.br\/index.php\/wp-json\/wp\/v2\/media\/1890"}],"wp:attachment":[{"href":"https:\/\/bangpremier.com.br\/index.php\/wp-json\/wp\/v2\/media?parent=1889"}],"wp:term":[{"taxonomy":"category","embeddable":true,"href":"https:\/\/bangpremier.com.br\/index.php\/wp-json\/wp\/v2\/categories?post=1889"},{"taxonomy":"post_tag","embeddable":true,"href":"https:\/\/bangpremier.com.br\/index.php\/wp-json\/wp\/v2\/tags?post=1889"}],"curies":[{"name":"wp","href":"https:\/\/api.w.org\/{rel}","templated":true}]}}