{"id":1883,"date":"2025-09-01T08:02:51","date_gmt":"2025-09-01T08:02:51","guid":{"rendered":"https:\/\/bangpremier.com.br\/index.php\/2025\/09\/01\/greve-no-metro-forca-coldplay-a-remarcar-dois-shows-em-londres-estamos-muito-tristes\/"},"modified":"2025-09-01T08:02:53","modified_gmt":"2025-09-01T08:02:53","slug":"greve-no-metro-forca-coldplay-a-remarcar-dois-shows-em-londres-estamos-muito-tristes","status":"publish","type":"post","link":"https:\/\/bangpremier.com.br\/index.php\/2025\/09\/01\/greve-no-metro-forca-coldplay-a-remarcar-dois-shows-em-londres-estamos-muito-tristes\/","title":{"rendered":"Greve no metr\u00f4 for\u00e7a Coldplay a remarcar dois shows em Londres: &#039;Estamos muito tristes&#039;"},"content":{"rendered":"<p><b><\/b><br \/>\n<BR>O Coldplay \u200bprecisou remarcar as duas \u00faltimas apresenta\u00e7\u00f5es da temporada hist\u00f3rica no Est\u00e1dio de Wembley, em Londres. Liderada pelo cantor Chris Martin, 48, a banda j\u00e1 estava na metade da s\u00e9rie de dez shows no est\u00e1dio nacional de futebol quando a greve no metr\u00f4 londrino tornou invi\u00e1vel a realiza\u00e7\u00e3o das apresenta\u00e7\u00f5es conforme o planejado.<BR><br \/>\n<BR><br \/>\nA paralisa\u00e7\u00e3o, convocada pelo sindicato RMT, come\u00e7a em 5 de setembro e deve se estender por sete dias. Sem funcionamento da rede, as autoridades locais informaram que n\u00e3o seria poss\u00edvel emitir o alvar\u00e1 necess\u00e1rio para os eventos marcados para 7 e 8 de setembro.<BR><br \/>\n<BR><br \/>\nOs efeitos da greve s\u00e3o expressivos porque Londres \u00e9 uma cidade que depende fortemente de sua rede de metr\u00f4 &#8211; a maior e mais antiga do mundo, respons\u00e1vel pelo deslocamento di\u00e1rio de milh\u00f5es de pessoas. Sem o sistema, o transporte de um p\u00fablico de grande porte como os shows de Wembley se torna impratic\u00e1vel.<BR><br \/>\n<BR><br \/>\nEm comunicado publicado nas redes sociais, a banda explicou: &#8220;Lamentamos anunciar que, devido \u00e0 greve programada no metr\u00f4 de Londres, fomos obrigados a remarcar nossos dois \u00faltimos concertos da atual temporada em Wembley. Sem o servi\u00e7o do metr\u00f4, \u00e9 imposs\u00edvel levar 82 mil pessoas ao show e garantir que voltem para casa em seguran\u00e7a. Por isso, nenhuma autoriza\u00e7\u00e3o pode ser concedida para as noites de 7 e 8 de setembro. Para evitar o cancelamento, nossa \u00fanica op\u00e7\u00e3o \u00e9 remarcar&#8221;.<BR><br \/>\n<BR><br \/>\nSegundo o an\u00fancio, a apresenta\u00e7\u00e3o do dia 7 foi antecipada para 6 de setembro, enquanto o show de 8 de setembro foi transferido para o dia 12. &#8220;Estamos muito tristes pela inevit\u00e1vel decep\u00e7\u00e3o, frustra\u00e7\u00e3o e inconveni\u00eancia que esta situa\u00e7\u00e3o causa&#8221;, completou a banda.<BR><br \/>\n<BR><br \/>\nOs ingressos j\u00e1 adquiridos continuam v\u00e1lidos para as novas datas.<br \/>\n<br \/><a href=\"https:\/\/bangpremier.com\/\" target=\"_blank\"> Visit Bang Premier (main website) <\/a><br \/>\n<br \/><script src=\"https:\/\/geo.dailymotion.com\/player\/xgs2h.js\" data-video=\"\"><\/script><\/p>\n","protected":false},"excerpt":{"rendered":"<p>O Coldplay \u200bprecisou remarcar as duas \u00faltimas apresenta\u00e7\u00f5es da temporada hist\u00f3rica no Est\u00e1dio de Wembley, em Londres. Liderada pelo cantor Chris Martin, 48, a banda j\u00e1 estava na metade da&hellip;<\/p>\n","protected":false},"author":1,"featured_media":1884,"comment_status":"closed","ping_status":"open","sticky":false,"template":"","format":"standard","meta":{"footnotes":""},"categories":[1],"tags":[],"class_list":["post-1883","post","type-post","status-publish","format-standard","has-post-thumbnail","hentry","category-showbiz"],"_links":{"self":[{"href":"https:\/\/bangpremier.com.br\/index.php\/wp-json\/wp\/v2\/posts\/1883","targetHints":{"allow":["GET"]}}],"collection":[{"href":"https:\/\/bangpremier.com.br\/index.php\/wp-json\/wp\/v2\/posts"}],"about":[{"href":"https:\/\/bangpremier.com.br\/index.php\/wp-json\/wp\/v2\/types\/post"}],"author":[{"embeddable":true,"href":"https:\/\/bangpremier.com.br\/index.php\/wp-json\/wp\/v2\/users\/1"}],"replies":[{"embeddable":true,"href":"https:\/\/bangpremier.com.br\/index.php\/wp-json\/wp\/v2\/comments?post=1883"}],"version-history":[{"count":1,"href":"https:\/\/bangpremier.com.br\/index.php\/wp-json\/wp\/v2\/posts\/1883\/revisions"}],"predecessor-version":[{"id":1885,"href":"https:\/\/bangpremier.com.br\/index.php\/wp-json\/wp\/v2\/posts\/1883\/revisions\/1885"}],"wp:featuredmedia":[{"embeddable":true,"href":"https:\/\/bangpremier.com.br\/index.php\/wp-json\/wp\/v2\/media\/1884"}],"wp:attachment":[{"href":"https:\/\/bangpremier.com.br\/index.php\/wp-json\/wp\/v2\/media?parent=1883"}],"wp:term":[{"taxonomy":"category","embeddable":true,"href":"https:\/\/bangpremier.com.br\/index.php\/wp-json\/wp\/v2\/categories?post=1883"},{"taxonomy":"post_tag","embeddable":true,"href":"https:\/\/bangpremier.com.br\/index.php\/wp-json\/wp\/v2\/tags?post=1883"}],"curies":[{"name":"wp","href":"https:\/\/api.w.org\/{rel}","templated":true}]}}