{"id":1872,"date":"2025-08-29T13:31:04","date_gmt":"2025-08-29T13:31:04","guid":{"rendered":"https:\/\/bangpremier.com.br\/index.php\/2025\/08\/29\/viagem-de-harry-ao-reino-unido-reacende-expectativa-de-reconciliacao-com-rei-charles\/"},"modified":"2025-08-29T13:31:05","modified_gmt":"2025-08-29T13:31:05","slug":"viagem-de-harry-ao-reino-unido-reacende-expectativa-de-reconciliacao-com-rei-charles","status":"publish","type":"post","link":"https:\/\/bangpremier.com.br\/index.php\/2025\/08\/29\/viagem-de-harry-ao-reino-unido-reacende-expectativa-de-reconciliacao-com-rei-charles\/","title":{"rendered":"Viagem de Harry ao Reino Unido reacende expectativa de reconcilia\u00e7\u00e3o com rei Charles"},"content":{"rendered":"<p><b><\/b><br \/>\n<BR>O pr\u00edncipe Harry, 40, pode ter um encontro marcado com seu pai, o rei Charles III, 76, a quem n\u00e3o v\u00ea pessoalmente h\u00e1 quase dois anos. O Duque de Sussex viajar\u00e1 ao Reino Unido em setembro para participar da cerim\u00f4nia WellChild Awards, em Londres, no pr\u00f3ximo dia 8 &#8211; data que coincide com o anivers\u00e1rio de tr\u00eas anos da morte da rainha Elizabeth II. O evento celebra a resili\u00eancia e as conquistas de crian\u00e7as que enfrentam problemas graves de sa\u00fade.<BR><br \/>\n<BR><br \/>\nEmbora a participa\u00e7\u00e3o de Harry no pr\u00eamio seja o motivo central de sua viagem, a coincid\u00eancia da data reacendeu as expectativas de uma reaproxima\u00e7\u00e3o com o monarca brit\u00e2nico, que est\u00e1 em tratamento contra o c\u00e2ncer desde 2024.<BR><br \/>\n<BR><br \/>\nSegundo o jornal brit\u00e2nico Daily Mirror, auxiliares do Pal\u00e1cio de Buckingham e a equipe do duque de Sussex v\u00eam mantendo conversas que podem resultar em um encontro privado entre pai e filho. Uma fonte afirmou ao tabloide: &#8220;Ningu\u00e9m est\u00e1 fingindo que os problemas mais profundos da fam\u00edlia foram resolvidos, mas trata-se de come\u00e7ar com Charles e Harry. Pela primeira vez em muito tempo, h\u00e1 um sentimento genu\u00edno de que uma reconcilia\u00e7\u00e3o est\u00e1 ao alcance&#8221;.<BR><br \/>\n<BR><br \/>\nAinda de acordo com o informante, o encontro deve ser &#8220;uma simples conversa entre um pai e um filho&#8221;, e n\u00e3o &#8220;um grande gesto ou reuni\u00e3o formal&#8221;. O jornal explicou que a &#8220;privacidade e dignidade&#8221; do rei e do pr\u00edncipe ser\u00e3o prioridade.<BR><br \/>\n<BR><br \/>\nApesar dos di\u00e1logos em andamento, uma reaproxima\u00e7\u00e3o entre Harry e seu irm\u00e3o, o pr\u00edncipe William, herdeiro do trono brit\u00e2nico, parece descartada. Outra fonte declarou que a ideia de um reencontro entre eles foi &#8220;rejeitada de imediato&#8221;.<BR><br \/>\n<BR><br \/>\nA esposa de Harry, Meghan Markle, permanecer\u00e1 na Calif\u00f3rnia com os filhos do casal, Archie, de seis anos, e Lilibet, de quatro. O rei n\u00e3o v\u00ea os netos desde junho de 2022, durante as celebra\u00e7\u00f5es do Jubileu de Platina de Elizabeth II.<br \/>\n<br \/><a href=\"https:\/\/bangpremier.com\/\" target=\"_blank\"> Visit Bang Premier (main website) <\/a><br \/>\n<br \/><script src=\"https:\/\/geo.dailymotion.com\/player\/xgs2h.js\" data-video=\"\"><\/script><\/p>\n","protected":false},"excerpt":{"rendered":"<p>O pr\u00edncipe Harry, 40, pode ter um encontro marcado com seu pai, o rei Charles III, 76, a quem n\u00e3o v\u00ea pessoalmente h\u00e1 quase dois anos. O Duque de Sussex&hellip;<\/p>\n","protected":false},"author":1,"featured_media":1320,"comment_status":"closed","ping_status":"open","sticky":false,"template":"","format":"standard","meta":{"footnotes":""},"categories":[1],"tags":[],"class_list":["post-1872","post","type-post","status-publish","format-standard","has-post-thumbnail","hentry","category-showbiz"],"_links":{"self":[{"href":"https:\/\/bangpremier.com.br\/index.php\/wp-json\/wp\/v2\/posts\/1872","targetHints":{"allow":["GET"]}}],"collection":[{"href":"https:\/\/bangpremier.com.br\/index.php\/wp-json\/wp\/v2\/posts"}],"about":[{"href":"https:\/\/bangpremier.com.br\/index.php\/wp-json\/wp\/v2\/types\/post"}],"author":[{"embeddable":true,"href":"https:\/\/bangpremier.com.br\/index.php\/wp-json\/wp\/v2\/users\/1"}],"replies":[{"embeddable":true,"href":"https:\/\/bangpremier.com.br\/index.php\/wp-json\/wp\/v2\/comments?post=1872"}],"version-history":[{"count":1,"href":"https:\/\/bangpremier.com.br\/index.php\/wp-json\/wp\/v2\/posts\/1872\/revisions"}],"predecessor-version":[{"id":1873,"href":"https:\/\/bangpremier.com.br\/index.php\/wp-json\/wp\/v2\/posts\/1872\/revisions\/1873"}],"wp:featuredmedia":[{"embeddable":true,"href":"https:\/\/bangpremier.com.br\/index.php\/wp-json\/wp\/v2\/media\/1320"}],"wp:attachment":[{"href":"https:\/\/bangpremier.com.br\/index.php\/wp-json\/wp\/v2\/media?parent=1872"}],"wp:term":[{"taxonomy":"category","embeddable":true,"href":"https:\/\/bangpremier.com.br\/index.php\/wp-json\/wp\/v2\/categories?post=1872"},{"taxonomy":"post_tag","embeddable":true,"href":"https:\/\/bangpremier.com.br\/index.php\/wp-json\/wp\/v2\/tags?post=1872"}],"curies":[{"name":"wp","href":"https:\/\/api.w.org\/{rel}","templated":true}]}}