{"id":1857,"date":"2025-08-28T14:58:36","date_gmt":"2025-08-28T14:58:36","guid":{"rendered":"https:\/\/bangpremier.com.br\/index.php\/2025\/08\/28\/sem-meghan-e-os-filhos-harry-tem-nova-viagem-marcada-ao-reino-unido\/"},"modified":"2025-08-28T14:58:38","modified_gmt":"2025-08-28T14:58:38","slug":"sem-meghan-e-os-filhos-harry-tem-nova-viagem-marcada-ao-reino-unido","status":"publish","type":"post","link":"https:\/\/bangpremier.com.br\/index.php\/2025\/08\/28\/sem-meghan-e-os-filhos-harry-tem-nova-viagem-marcada-ao-reino-unido\/","title":{"rendered":"Sem Meghan e os filhos, Harry tem nova viagem marcada ao Reino Unido"},"content":{"rendered":"<p><b><\/b><br \/>\n<BR>O pr\u00edncipe Harry, 40, retornar\u00e1 ao Reino Unido no pr\u00f3ximo m\u00eas para participar da cerim\u00f4nia WellChild Awards. O duque de Sussex estar\u00e1 em Londres no dia 8 de setembro, data que marca o anivers\u00e1rio de tr\u00eas anos da morte da rainha Elizabeth II, para celebrar a resili\u00eancia e as conquistas de crian\u00e7as que enfrentam problemas graves de sa\u00fade.<BR><br \/>\n<BR><br \/>\nSer\u00e1 a 15\u00aa vez que Harry comparece ao evento, no qual atua como patrono h\u00e1 17 anos. Antes da cerim\u00f4nia, o nobre participar\u00e1 de uma recep\u00e7\u00e3o intimista, onde ir\u00e1 conhecer os os vencedores e seus familiares, e entregar\u00e1 um pr\u00eamio a uma crian\u00e7a inspiradora de quatro a seis anos.<BR><br \/>\n<BR><br \/>\nN\u00e3o h\u00e1 expectativa de que sua esposa, Meghan Markle, 44, ou os filhos do casal, o pr\u00edncipe Archie, 6, e princesa Lilibet, 4, o acompanhem na viagem. Eles devem permanecer na casa da fam\u00edlia em Montecito, na Calif\u00f3rnia.<BR><br \/>\n<BR><br \/>\nEm um comunicado divulgado pela WellChild, Harry declarou: &#8220;Eu sempre me sinto privilegiado em comparecer ao WellChild Awards e conhecer as crian\u00e7as, fam\u00edlias e profissionais incr\u00edveis que nos inspiram com sua for\u00e7a e ess\u00eancia. H\u00e1 20 anos, esses pr\u00eamios destacam a coragem de jovens que vivem com necessidades de sa\u00fade complexas e celebram os cuidadores dedicados &#8211; familiares e profissionais &#8211; que os apoiam em cada passo do caminho. As hist\u00f3rias deles nos lembram do poder da compaix\u00e3o, da conex\u00e3o e da comunidade.&#8221;<BR><br \/>\n<BR><br \/>\nEm 2022, Harry e Meghan precisaram cancelar a presen\u00e7a no evento, que ocorreu no mesmo dia em que a rainha Elizabeth faleceu em Balmoral. O duque viajou \u00e0 Esc\u00f3cia para dar adeus \u00e0 av\u00f3 e, posteriormente, entrou em contato com os vencedores por meio de uma chamada de v\u00eddeo feita de sua casa nos Estados Unidos.<BR><br \/>\n<BR><br \/>\nO diretor-executivo da WellChild, Matt James, falou sobre a import\u00e2ncia da premia\u00e7\u00e3o nesta quinta-feira (28): &#8220;Estamos animados em celebrar o 20\u00ba Pr\u00eamio WellChild, em parceria com a [empresa] GSK. Em todo o Reino Unido, cada vez mais fam\u00edlias cuidam de crian\u00e7as com necessidades m\u00e9dicas s\u00e9rias e complexas. Por tr\u00e1s da hist\u00f3ria de cada vencedor, h\u00e1 uma rede de pessoas extraordin\u00e1rias que v\u00e3o al\u00e9m todos os dias. O WellChild nos d\u00e1 a oportunidade de reconhecer e celebrar a resili\u00eancia dessas crian\u00e7as e jovens extraordin\u00e1rios e o comprometimento de todos \u00e0 sua volta &#8211; dos pais e irm\u00e3os aos profissionais que desempenham seu papel para garantir que essas crian\u00e7as possam prosperar em casa e em suas comunidades.&#8221;<br \/>\n<br \/><a href=\"https:\/\/bangpremier.com\/\" target=\"_blank\"> Visit Bang Premier (main website) <\/a><br \/>\n<br \/><script src=\"https:\/\/geo.dailymotion.com\/player\/xgs2h.js\" data-video=\"\"><\/script><\/p>\n","protected":false},"excerpt":{"rendered":"<p>O pr\u00edncipe Harry, 40, retornar\u00e1 ao Reino Unido no pr\u00f3ximo m\u00eas para participar da cerim\u00f4nia WellChild Awards. O duque de Sussex estar\u00e1 em Londres no dia 8 de setembro, data&hellip;<\/p>\n","protected":false},"author":1,"featured_media":1858,"comment_status":"closed","ping_status":"open","sticky":false,"template":"","format":"standard","meta":{"footnotes":""},"categories":[1],"tags":[],"class_list":["post-1857","post","type-post","status-publish","format-standard","has-post-thumbnail","hentry","category-showbiz"],"_links":{"self":[{"href":"https:\/\/bangpremier.com.br\/index.php\/wp-json\/wp\/v2\/posts\/1857","targetHints":{"allow":["GET"]}}],"collection":[{"href":"https:\/\/bangpremier.com.br\/index.php\/wp-json\/wp\/v2\/posts"}],"about":[{"href":"https:\/\/bangpremier.com.br\/index.php\/wp-json\/wp\/v2\/types\/post"}],"author":[{"embeddable":true,"href":"https:\/\/bangpremier.com.br\/index.php\/wp-json\/wp\/v2\/users\/1"}],"replies":[{"embeddable":true,"href":"https:\/\/bangpremier.com.br\/index.php\/wp-json\/wp\/v2\/comments?post=1857"}],"version-history":[{"count":1,"href":"https:\/\/bangpremier.com.br\/index.php\/wp-json\/wp\/v2\/posts\/1857\/revisions"}],"predecessor-version":[{"id":1859,"href":"https:\/\/bangpremier.com.br\/index.php\/wp-json\/wp\/v2\/posts\/1857\/revisions\/1859"}],"wp:featuredmedia":[{"embeddable":true,"href":"https:\/\/bangpremier.com.br\/index.php\/wp-json\/wp\/v2\/media\/1858"}],"wp:attachment":[{"href":"https:\/\/bangpremier.com.br\/index.php\/wp-json\/wp\/v2\/media?parent=1857"}],"wp:term":[{"taxonomy":"category","embeddable":true,"href":"https:\/\/bangpremier.com.br\/index.php\/wp-json\/wp\/v2\/categories?post=1857"},{"taxonomy":"post_tag","embeddable":true,"href":"https:\/\/bangpremier.com.br\/index.php\/wp-json\/wp\/v2\/tags?post=1857"}],"curies":[{"name":"wp","href":"https:\/\/api.w.org\/{rel}","templated":true}]}}