{"id":1849,"date":"2025-08-27T13:11:38","date_gmt":"2025-08-27T13:11:38","guid":{"rendered":"https:\/\/bangpremier.com.br\/index.php\/2025\/08\/27\/meghan-markle-relembra-funeral-da-rainha-elizabeth-eu-nao-estava-bem\/"},"modified":"2025-08-27T13:11:40","modified_gmt":"2025-08-27T13:11:40","slug":"meghan-markle-relembra-funeral-da-rainha-elizabeth-eu-nao-estava-bem","status":"publish","type":"post","link":"https:\/\/bangpremier.com.br\/index.php\/2025\/08\/27\/meghan-markle-relembra-funeral-da-rainha-elizabeth-eu-nao-estava-bem\/","title":{"rendered":"Meghan Markle relembra funeral da rainha Elizabeth: &#039;Eu n\u00e3o estava bem&#039;"},"content":{"rendered":"<p><b><\/b><br \/>\n<BR>A duquesa Meghan Markle, 44, abriu o cora\u00e7\u00e3o sobre um dos per\u00edodos mais dif\u00edceis que enfrentou como m\u00e3e. A Duquesa de Sussex relatou que ela e seu marido, o pr\u00edncipe Harry, 40, ficaram afastados dos filhos, Archie e Lilibet, por 17 dias, no per\u00edodo que se seguiu \u00e0 morte da rainha Elizabeth II, em setembro de 2022.<BR><br \/>\n<BR><br \/>\nO casal, que mora na Calif\u00f3rnia com os herdeiros, estava no Reino Unido quando a monarca faleceu em Balmoral, na Esc\u00f3cia. A viagem havia come\u00e7ado como um breve roteiro de compromissos p\u00fablicos, incluindo a participa\u00e7\u00e3o no evento One World, em Manchester, e uma cerim\u00f4nia dos Jogos Invictus, na Alemanha, mas se estendeu at\u00e9 o funeral de Estado, em 19 de setembro. Com isso, Harry e Meghan permaneceram longe das crian\u00e7as por quase tr\u00eas semanas.<BR><br \/>\n<BR><br \/>\nNo terceiro epis\u00f3dio de seu programa da Netflix, &#8220;Com Amor, Meghan&#8221;, a ex-atriz conversou com o apresentador e designer Tan France, 42, sobre os desafios da parentalidade e se mostrou compreensiva quando seu convidado da vez admitiu a dificuldade em lidar com a aus\u00eancia dos filhos. &#8220;Eu morro sem meus filhos [perto], eu preciso dos meus meninos. Se eu n\u00e3o os vejo por alguns dias, sinto como se meu cora\u00e7\u00e3o estivesse despeda\u00e7ado&#8221;, afirmou o apresentador do &#8220;Queer Eye&#8221;, que \u00e9 pai de Ismail e Isaac, de sua uni\u00e3o com o ilustrador Rob France.<BR><br \/>\n<BR><br \/>\nEmocionada, a duquesa respondeu: &#8220;Ah, eu entendo. O per\u00edodo mais longo que fiquei longe dos filhos foi de quase tr\u00eas semanas. Eu estava&#8230;n\u00e3o fiquei nada bem&#8221;, confessou a esposa de Harry.<BR><br \/>\n<BR><br \/>\nEmbora n\u00e3o tenha citado diretamente o luto pela morte da rainha, o epis\u00f3dio coincide com o que j\u00e1 foi relatado por Harry. Em seu livro de mem\u00f3rias, &#8220;O que sobra&#8221; (2023), o duque declarou que os dias ap\u00f3s a perda da av\u00f3 foram &#8220;dif\u00edceis&#8221; e lembrou que o casal ficou separado de Archie e Lilibet por mais tempo do que jamais haviam ficado.<BR><br \/>\n<BR><br \/>\n&#8220;Dias dif\u00edceis. Tivemos que ficar longe das crian\u00e7as por mais tempo do que planejamos, mais do que jamais estivemos&#8221;, disse ele na autobiografia, acrescentando que os dois n\u00e3o conseguiam desgrudar os olhos dos filhos ap\u00f3s o retorno ao lar.<br \/>\n<br \/><a href=\"https:\/\/bangpremier.com\/\" target=\"_blank\"> Visit Bang Premier (main website) <\/a><br \/>\n<br \/><script src=\"https:\/\/geo.dailymotion.com\/player\/xgs2h.js\" data-video=\"\"><\/script><\/p>\n","protected":false},"excerpt":{"rendered":"<p>A duquesa Meghan Markle, 44, abriu o cora\u00e7\u00e3o sobre um dos per\u00edodos mais dif\u00edceis que enfrentou como m\u00e3e. A Duquesa de Sussex relatou que ela e seu marido, o pr\u00edncipe&hellip;<\/p>\n","protected":false},"author":1,"featured_media":1850,"comment_status":"closed","ping_status":"open","sticky":false,"template":"","format":"standard","meta":{"footnotes":""},"categories":[1],"tags":[],"class_list":["post-1849","post","type-post","status-publish","format-standard","has-post-thumbnail","hentry","category-showbiz"],"_links":{"self":[{"href":"https:\/\/bangpremier.com.br\/index.php\/wp-json\/wp\/v2\/posts\/1849","targetHints":{"allow":["GET"]}}],"collection":[{"href":"https:\/\/bangpremier.com.br\/index.php\/wp-json\/wp\/v2\/posts"}],"about":[{"href":"https:\/\/bangpremier.com.br\/index.php\/wp-json\/wp\/v2\/types\/post"}],"author":[{"embeddable":true,"href":"https:\/\/bangpremier.com.br\/index.php\/wp-json\/wp\/v2\/users\/1"}],"replies":[{"embeddable":true,"href":"https:\/\/bangpremier.com.br\/index.php\/wp-json\/wp\/v2\/comments?post=1849"}],"version-history":[{"count":1,"href":"https:\/\/bangpremier.com.br\/index.php\/wp-json\/wp\/v2\/posts\/1849\/revisions"}],"predecessor-version":[{"id":1851,"href":"https:\/\/bangpremier.com.br\/index.php\/wp-json\/wp\/v2\/posts\/1849\/revisions\/1851"}],"wp:featuredmedia":[{"embeddable":true,"href":"https:\/\/bangpremier.com.br\/index.php\/wp-json\/wp\/v2\/media\/1850"}],"wp:attachment":[{"href":"https:\/\/bangpremier.com.br\/index.php\/wp-json\/wp\/v2\/media?parent=1849"}],"wp:term":[{"taxonomy":"category","embeddable":true,"href":"https:\/\/bangpremier.com.br\/index.php\/wp-json\/wp\/v2\/categories?post=1849"},{"taxonomy":"post_tag","embeddable":true,"href":"https:\/\/bangpremier.com.br\/index.php\/wp-json\/wp\/v2\/tags?post=1849"}],"curies":[{"name":"wp","href":"https:\/\/api.w.org\/{rel}","templated":true}]}}