{"id":1846,"date":"2025-08-27T11:52:32","date_gmt":"2025-08-27T11:52:32","guid":{"rendered":"https:\/\/bangpremier.com.br\/index.php\/2025\/08\/27\/kris-jenner-descarta-aposentadoria-e-fala-da-carreira-das-filhas-amo-comandar\/"},"modified":"2025-08-27T11:52:33","modified_gmt":"2025-08-27T11:52:33","slug":"kris-jenner-descarta-aposentadoria-e-fala-da-carreira-das-filhas-amo-comandar","status":"publish","type":"post","link":"https:\/\/bangpremier.com.br\/index.php\/2025\/08\/27\/kris-jenner-descarta-aposentadoria-e-fala-da-carreira-das-filhas-amo-comandar\/","title":{"rendered":"Kris Jenner descarta aposentadoria e fala da carreira das filhas: &#039;Amo comandar&#039;"},"content":{"rendered":"<p><b><\/b><br \/>\n<BR>A empres\u00e1ria Kris Jenner, 69, afirmou que n\u00e3o tem planos de se aposentar t\u00e3o cedo.<BR><br \/>\n<BR><br \/>\nAo fazer parte das carreiras das filhas e tamb\u00e9m estrelar o reality show &#8220;The Kardashians&#8221;, a estrela contou que pretende seguir o exemplo de sua m\u00e3e, Mary Jo Campbell, e trabalhar por muitos anos.<BR><br \/>\n<BR><br \/>\n&#8220;Minha m\u00e3e trabalhou at\u00e9 os 82 anos, e eu planejo fazer o mesmo. Talvez [eu me aposente aos] 85?&#8221;, declarou ela em entrevista \u00e0 revista Vogue Arabia.<BR><br \/>\n<BR><br \/>\nPrestes a completar 70 anos em novembro, a matriarca do cl\u00e3 Kardashian-Jenner disse estar animada com a nova fase. &#8220;Eu n\u00e3o sei como as pessoas deveriam se sentir aos 70 anos, mas eu me sinto \u00f3tima e estou feliz de chegar l\u00e1. S\u00f3 tenho que tentar fazer o meu melhor para me sentir bem e saud\u00e1vel. Minha ben\u00e7\u00e3o \u00e9 minha fam\u00edlia. Se eu puder fazer parte da vida deles da melhor maneira poss\u00edvel, ent\u00e3o fico muito realizada.&#8221;<BR><br \/>\n<BR><br \/>\nKris ainda destacou o orgulho que sente das conquistas de suas filhas e disse gostar de conciliar o papel de m\u00e3e com o de empres\u00e1ria. &#8220;Todas as minhas filhas s\u00e3o mulheres de neg\u00f3cios incrivelmente trabalhadoras, ent\u00e3o \u00e9 claro que elas querem discutir contratos, dinheiro e porcentagens. Temos equipes grandes e muito competentes, e cada empresa tem seus gestores. Eu amo poder comandar tudo. E quando se trata das meninas, elas sabem que t\u00eam uma m\u00e3e que quer fazer as coisas acontecerem tanto quanto elas, e que tem os melhores interesses delas no cora\u00e7\u00e3o. Isso me deixa muito feliz.&#8221;<BR><br \/>\n<BR><br \/>\nAl\u00e9m da rotina de trabalho, Kris tamb\u00e9m falou sobre a alegria de ter 14 netos. Em entrevista recente ao canal E! News, ela comentou: &#8220;Eles est\u00e3o animados. Est\u00e3o crescendo. Est\u00e3o adorando coisas novas. \u00c9 legal ver a diferen\u00e7a. Em um ano, eles est\u00e3o apaixonados por um certo tipo de boneca, e no Natal seguinte j\u00e1 est\u00e3o em outra fase, um pouco mais maduros&#8230; Acho que uma das minhas maiores alegrias \u00e9 quando fa\u00e7o algo que os deixa felizes. Como decorar a casa inteira para o Halloween e preparar brincadeiras no quintal.&#8221;<br \/>\n<br \/><a href=\"https:\/\/bangpremier.com\/\" target=\"_blank\"> Visit Bang Premier (main website) <\/a><br \/>\n<br \/><script src=\"https:\/\/geo.dailymotion.com\/player\/xgs2h.js\" data-video=\"\"><\/script><\/p>\n","protected":false},"excerpt":{"rendered":"<p>A empres\u00e1ria Kris Jenner, 69, afirmou que n\u00e3o tem planos de se aposentar t\u00e3o cedo. Ao fazer parte das carreiras das filhas e tamb\u00e9m estrelar o reality show &#8220;The Kardashians&#8221;,&hellip;<\/p>\n","protected":false},"author":1,"featured_media":1847,"comment_status":"closed","ping_status":"open","sticky":false,"template":"","format":"standard","meta":{"footnotes":""},"categories":[1],"tags":[],"class_list":["post-1846","post","type-post","status-publish","format-standard","has-post-thumbnail","hentry","category-showbiz"],"_links":{"self":[{"href":"https:\/\/bangpremier.com.br\/index.php\/wp-json\/wp\/v2\/posts\/1846","targetHints":{"allow":["GET"]}}],"collection":[{"href":"https:\/\/bangpremier.com.br\/index.php\/wp-json\/wp\/v2\/posts"}],"about":[{"href":"https:\/\/bangpremier.com.br\/index.php\/wp-json\/wp\/v2\/types\/post"}],"author":[{"embeddable":true,"href":"https:\/\/bangpremier.com.br\/index.php\/wp-json\/wp\/v2\/users\/1"}],"replies":[{"embeddable":true,"href":"https:\/\/bangpremier.com.br\/index.php\/wp-json\/wp\/v2\/comments?post=1846"}],"version-history":[{"count":1,"href":"https:\/\/bangpremier.com.br\/index.php\/wp-json\/wp\/v2\/posts\/1846\/revisions"}],"predecessor-version":[{"id":1848,"href":"https:\/\/bangpremier.com.br\/index.php\/wp-json\/wp\/v2\/posts\/1846\/revisions\/1848"}],"wp:featuredmedia":[{"embeddable":true,"href":"https:\/\/bangpremier.com.br\/index.php\/wp-json\/wp\/v2\/media\/1847"}],"wp:attachment":[{"href":"https:\/\/bangpremier.com.br\/index.php\/wp-json\/wp\/v2\/media?parent=1846"}],"wp:term":[{"taxonomy":"category","embeddable":true,"href":"https:\/\/bangpremier.com.br\/index.php\/wp-json\/wp\/v2\/categories?post=1846"},{"taxonomy":"post_tag","embeddable":true,"href":"https:\/\/bangpremier.com.br\/index.php\/wp-json\/wp\/v2\/tags?post=1846"}],"curies":[{"name":"wp","href":"https:\/\/api.w.org\/{rel}","templated":true}]}}